{"id":5031,"date":"2025-05-17T09:27:12","date_gmt":"2025-05-17T06:27:12","guid":{"rendered":"https:\/\/mediapast.am\/?p=5031"},"modified":"2025-05-17T09:27:12","modified_gmt":"2025-05-17T06:27:12","slug":"des-jumeaux-siamois-ont-ete-separes-un-an-apres-leur-naissance-voici-a-quoi-ils-ressemblent-7-ans-plus-tard","status":"publish","type":"post","link":"https:\/\/mediapast.am\/?p=5031","title":{"rendered":"Des jumeaux siamois ont \u00e9t\u00e9 s\u00e9par\u00e9s un an apr\u00e8s leur naissance : voici \u00e0 quoi ils ressemblent 7 ans plus tard."},"content":{"rendered":"<p>En 2016, deux filles, Abby et Erin, sont n\u00e9es en Caroline du Nord. C\u2019\u00e9taient des jumeaux, mais pas des jumeaux ordinaires : leurs t\u00eates \u00e9taient fusionn\u00e9es. La situation \u00e9tait si complexe que m\u00eame la m\u00e9decine h\u00e9sitait \u00e0 intervenir. Et pourtant ils sont n\u00e9s. Et ils ont surv\u00e9cu.<\/p>\n<p>&nbsp;<\/p>\n<p>Des jumeaux siamois s\u00e9par\u00e9s un an apr\u00e8s leur naissance : voici \u00e0 quoi ils ressemblent 7 ans plus tard<\/p>\n<p>Des jumeaux siamois s\u00e9par\u00e9s un an apr\u00e8s leur naissance : voici \u00e0 quoi ils ressemblent 7 ans plus tard<\/p>\n<p>Leur m\u00e8re, Anne Delaney, a \u00e9t\u00e9 diagnostiqu\u00e9e alors qu\u2019elle \u00e9tait enceinte de onze semaines. Les m\u00e9decins ont \u00e9t\u00e9 francs : ils ont recommand\u00e9 l\u2019avortement.<\/p>\n<p>L\u2019\u00e9ch\u00e9ance \u00e9tait encore loin et d\u2019\u00e9normes difficult\u00e9s nous attendaient. Mais Anne a refus\u00e9.<\/p>\n<p>&nbsp;<\/p>\n<p>\u00c0 27 semaines, elle a \u00e9t\u00e9 hospitalis\u00e9e pour tenter de prolonger la grossesse. Mais \u00e0 30 semaines, les complications ont commenc\u00e9 et les m\u00e9decins ont \u00e9t\u00e9 oblig\u00e9s de pratiquer une c\u00e9sarienne d\u2019urgence.<\/p>\n<p>Les filles sont n\u00e9es pr\u00e9matur\u00e9es, minuscules, faibles et fusionn\u00e9es.<\/p>\n<p>&nbsp;<\/p>\n<p>Les m\u00e9decins ont d\u00e9clar\u00e9 qu\u2019il y avait une chance : seulement 2 % de ces enfants survivent jusqu\u2019au point o\u00f9 ils peuvent \u00eatre op\u00e9r\u00e9s.<\/p>\n<p>&nbsp;<\/p>\n<p>Et incroyablement, Abby et Erin faisaient partie de ces 2 %. Apr\u00e8s des mois d\u2019observations, de tests et de consultations, la d\u00e9cision a \u00e9t\u00e9 prise que l\u2019op\u00e9ration pouvait \u00eatre r\u00e9alis\u00e9e. Mais le risque \u00e9tait \u00e9norme.<\/p>\n<p>Anne \u00e9tait d\u2019accord. Quel que soit le r\u00e9sultat, l\u2019essentiel est d\u2019essayer de donner \u00e0 chaque fille son propre destin.<\/p>\n<p>&nbsp;<\/p>\n<p>Des jumeaux siamois s\u00e9par\u00e9s un an apr\u00e8s leur naissance : voici \u00e0 quoi ils ressemblent 7 ans plus tard<\/p>\n<p>&nbsp;<\/p>\n<p>Le 6 juin 2017, presque un an apr\u00e8s la naissance, l\u2019op\u00e9ration a commenc\u00e9. Cela a dur\u00e9 11 heures. Erin fut la premi\u00e8re \u00e0 \u00eatre s\u00e9par\u00e9e ; la structure de son cr\u00e2ne \u00e9tait plus simple.<\/p>\n<p>Avec Abby, les m\u00e9decins ont d\u00fb se battre pour chaque millim\u00e8tre de tissu, chaque vaisseau. Les filles ont surv\u00e9cu.<\/p>\n<p>&nbsp;<\/p>\n<p>Des jumeaux siamois s\u00e9par\u00e9s un an apr\u00e8s leur naissance : voici \u00e0 quoi ils ressemblent 7 ans plus tard<\/p>\n<p>&nbsp;<\/p>\n<p>Cinq mois plus tard, Erin et Abby sont rentr\u00e9es chez elles. Une nouvelle \u00e9tape a commenc\u00e9 : la r\u00e9habilitation.<\/p>\n<p>&nbsp;<\/p>\n<p>Aujourd\u2019hui, cela fait 7 ans depuis cette op\u00e9ration fatidique. Abby et Erin sont en vie. Ils grandissent. Mais ce n\u2019\u00e9tait pas facile : on leur a diagnostiqu\u00e9 un retard mental.<\/p>\n<p>Ils ne parlent pas, mais ils sourient volontiers et jouent avec les autres enfants. Malgr\u00e9 le diagnostic, ils sont socialis\u00e9s.<\/p>\n<p>&nbsp;<\/p>\n<p>Des jumeaux siamois s\u00e9par\u00e9s un an apr\u00e8s leur naissance : voici \u00e0 quoi ils ressemblent 7 ans plus tard<\/p>\n<p>&nbsp;<\/p>\n<p>Erin a appris \u00e0 marcher \u00e0 l\u2019\u00e2ge de cinq ans. Abby peut encore se tenir debout, tenant les mains de sa m\u00e8re, mais elle ne peut pas encore bouger seule. La famille esp\u00e8re que, m\u00eame lentement et \u00e0 sa mani\u00e8re, Abby fera \u00e9galement son pas.<\/p>\n","protected":false},"excerpt":{"rendered":"<p>En 2016, deux filles, Abby et Erin, sont n\u00e9es en Caroline du Nord. C\u2019\u00e9taient des jumeaux, mais pas des jumeaux ordinaires : leurs t\u00eates \u00e9taient fusionn\u00e9es. La situation \u00e9tait si complexe que m\u00eame la m\u00e9decine h\u00e9sitait \u00e0 intervenir. Et pourtant ils sont n\u00e9s. Et ils ont surv\u00e9cu. &nbsp; Des jumeaux siamois s\u00e9par\u00e9s un an apr\u00e8s [&hellip;]<\/p>\n","protected":false},"author":1,"featured_media":5032,"comment_status":"open","ping_status":"open","sticky":false,"template":"","format":"standard","meta":{"inline_featured_image":false,"footnotes":""},"categories":[1],"tags":[],"class_list":["post-5031","post","type-post","status-publish","format-standard","has-post-thumbnail","","category-1"],"yoast_head":"<!-- This site is optimized with the Yoast SEO plugin v23.7 - https:\/\/yoast.com\/wordpress\/plugins\/seo\/ -->\n<title>Des jumeaux siamois ont \u00e9t\u00e9 s\u00e9par\u00e9s un an apr\u00e8s leur naissance : voici \u00e0 quoi ils ressemblent 7 ans plus tard. - MediaPast.am<\/title>\n<meta name=\"robots\" content=\"index, follow, max-snippet:-1, max-image-preview:large, max-video-preview:-1\" \/>\n<link rel=\"canonical\" href=\"https:\/\/mediapast.am\/?p=5031\" \/>\n<meta property=\"og:locale\" content=\"ru_RU\" \/>\n<meta property=\"og:type\" content=\"article\" \/>\n<meta property=\"og:title\" content=\"Des jumeaux siamois ont \u00e9t\u00e9 s\u00e9par\u00e9s un an apr\u00e8s leur naissance : voici \u00e0 quoi ils ressemblent 7 ans plus tard. - MediaPast.am\" \/>\n<meta property=\"og:description\" content=\"En 2016, deux filles, Abby et Erin, sont n\u00e9es en Caroline du Nord. C\u2019\u00e9taient des jumeaux, mais pas des jumeaux ordinaires : leurs t\u00eates \u00e9taient fusionn\u00e9es. La situation \u00e9tait si complexe que m\u00eame la m\u00e9decine h\u00e9sitait \u00e0 intervenir. Et pourtant ils sont n\u00e9s. Et ils ont surv\u00e9cu. &nbsp; Des jumeaux siamois s\u00e9par\u00e9s un an apr\u00e8s [&hellip;]\" \/>\n<meta property=\"og:url\" content=\"https:\/\/mediapast.am\/?p=5031\" \/>\n<meta property=\"og:site_name\" content=\"MediaPast.am\" \/>\n<meta property=\"article:published_time\" content=\"2025-05-17T06:27:12+00:00\" \/>\n<meta property=\"og:image\" content=\"https:\/\/mediapast.am\/wp-content\/uploads\/2025\/05\/siamakan7tarekan-800x400-1.jpeg\" \/>\n\t<meta property=\"og:image:width\" content=\"800\" \/>\n\t<meta property=\"og:image:height\" content=\"400\" \/>\n\t<meta property=\"og:image:type\" content=\"image\/jpeg\" \/>\n<meta name=\"author\" content=\"admin\" \/>\n<meta name=\"twitter:card\" content=\"summary_large_image\" \/>\n<meta name=\"twitter:label1\" content=\"\u041d\u0430\u043f\u0438\u0441\u0430\u043d\u043e \u0430\u0432\u0442\u043e\u0440\u043e\u043c\" \/>\n\t<meta name=\"twitter:data1\" content=\"admin\" \/>\n\t<meta name=\"twitter:label2\" content=\"\u041f\u0440\u0438\u043c\u0435\u0440\u043d\u043e\u0435 \u0432\u0440\u0435\u043c\u044f \u0434\u043b\u044f \u0447\u0442\u0435\u043d\u0438\u044f\" \/>\n\t<meta name=\"twitter:data2\" content=\"3 \u043c\u0438\u043d\u0443\u0442\u044b\" \/>\n<script type=\"application\/ld+json\" class=\"yoast-schema-graph\">{\"@context\":\"https:\/\/schema.org\",\"@graph\":[{\"@type\":\"WebPage\",\"@id\":\"https:\/\/mediapast.am\/?p=5031\",\"url\":\"https:\/\/mediapast.am\/?p=5031\",\"name\":\"Des jumeaux siamois ont \u00e9t\u00e9 s\u00e9par\u00e9s un an apr\u00e8s leur naissance : voici \u00e0 quoi ils ressemblent 7 ans plus tard. - MediaPast.am\",\"isPartOf\":{\"@id\":\"https:\/\/mediapast.am\/#website\"},\"primaryImageOfPage\":{\"@id\":\"https:\/\/mediapast.am\/?p=5031#primaryimage\"},\"image\":{\"@id\":\"https:\/\/mediapast.am\/?p=5031#primaryimage\"},\"thumbnailUrl\":\"https:\/\/mediapast.am\/wp-content\/uploads\/2025\/05\/siamakan7tarekan-800x400-1.jpeg\",\"datePublished\":\"2025-05-17T06:27:12+00:00\",\"dateModified\":\"2025-05-17T06:27:12+00:00\",\"author\":{\"@id\":\"https:\/\/mediapast.am\/#\/schema\/person\/21d1d2ab6ead53843e98dac9c026ce3b\"},\"breadcrumb\":{\"@id\":\"https:\/\/mediapast.am\/?p=5031#breadcrumb\"},\"inLanguage\":\"ru-RU\",\"potentialAction\":[{\"@type\":\"ReadAction\",\"target\":[\"https:\/\/mediapast.am\/?p=5031\"]}]},{\"@type\":\"ImageObject\",\"inLanguage\":\"ru-RU\",\"@id\":\"https:\/\/mediapast.am\/?p=5031#primaryimage\",\"url\":\"https:\/\/mediapast.am\/wp-content\/uploads\/2025\/05\/siamakan7tarekan-800x400-1.jpeg\",\"contentUrl\":\"https:\/\/mediapast.am\/wp-content\/uploads\/2025\/05\/siamakan7tarekan-800x400-1.jpeg\",\"width\":800,\"height\":400},{\"@type\":\"BreadcrumbList\",\"@id\":\"https:\/\/mediapast.am\/?p=5031#breadcrumb\",\"itemListElement\":[{\"@type\":\"ListItem\",\"position\":1,\"name\":\"\u0413\u043b\u0430\u0432\u043d\u0430\u044f \u0441\u0442\u0440\u0430\u043d\u0438\u0446\u0430\",\"item\":\"https:\/\/mediapast.am\/\"},{\"@type\":\"ListItem\",\"position\":2,\"name\":\"Des jumeaux siamois ont \u00e9t\u00e9 s\u00e9par\u00e9s un an apr\u00e8s leur naissance : voici \u00e0 quoi ils ressemblent 7 ans plus tard.\"}]},{\"@type\":\"WebSite\",\"@id\":\"https:\/\/mediapast.am\/#website\",\"url\":\"https:\/\/mediapast.am\/\",\"name\":\"MediaPast.am\",\"description\":\"\",\"potentialAction\":[{\"@type\":\"SearchAction\",\"target\":{\"@type\":\"EntryPoint\",\"urlTemplate\":\"https:\/\/mediapast.am\/?s={search_term_string}\"},\"query-input\":{\"@type\":\"PropertyValueSpecification\",\"valueRequired\":true,\"valueName\":\"search_term_string\"}}],\"inLanguage\":\"ru-RU\"},{\"@type\":\"Person\",\"@id\":\"https:\/\/mediapast.am\/#\/schema\/person\/21d1d2ab6ead53843e98dac9c026ce3b\",\"name\":\"admin\",\"image\":{\"@type\":\"ImageObject\",\"inLanguage\":\"ru-RU\",\"@id\":\"https:\/\/mediapast.am\/#\/schema\/person\/image\/\",\"url\":\"https:\/\/secure.gravatar.com\/avatar\/33bf6e6e13725f8b5d5c45e3d055fa53?s=96&d=mm&r=g\",\"contentUrl\":\"https:\/\/secure.gravatar.com\/avatar\/33bf6e6e13725f8b5d5c45e3d055fa53?s=96&d=mm&r=g\",\"caption\":\"admin\"},\"sameAs\":[\"http:\/\/mediapast.am\"],\"url\":\"https:\/\/mediapast.am\/?author=1\"}]}<\/script>\n<!-- \/ Yoast SEO plugin. -->","yoast_head_json":{"title":"Des jumeaux siamois ont \u00e9t\u00e9 s\u00e9par\u00e9s un an apr\u00e8s leur naissance : voici \u00e0 quoi ils ressemblent 7 ans plus tard. - MediaPast.am","robots":{"index":"index","follow":"follow","max-snippet":"max-snippet:-1","max-image-preview":"max-image-preview:large","max-video-preview":"max-video-preview:-1"},"canonical":"https:\/\/mediapast.am\/?p=5031","og_locale":"ru_RU","og_type":"article","og_title":"Des jumeaux siamois ont \u00e9t\u00e9 s\u00e9par\u00e9s un an apr\u00e8s leur naissance : voici \u00e0 quoi ils ressemblent 7 ans plus tard. - MediaPast.am","og_description":"En 2016, deux filles, Abby et Erin, sont n\u00e9es en Caroline du Nord. C\u2019\u00e9taient des jumeaux, mais pas des jumeaux ordinaires : leurs t\u00eates \u00e9taient fusionn\u00e9es. La situation \u00e9tait si complexe que m\u00eame la m\u00e9decine h\u00e9sitait \u00e0 intervenir. Et pourtant ils sont n\u00e9s. Et ils ont surv\u00e9cu. &nbsp; Des jumeaux siamois s\u00e9par\u00e9s un an apr\u00e8s [&hellip;]","og_url":"https:\/\/mediapast.am\/?p=5031","og_site_name":"MediaPast.am","article_published_time":"2025-05-17T06:27:12+00:00","og_image":[{"width":800,"height":400,"url":"https:\/\/mediapast.am\/wp-content\/uploads\/2025\/05\/siamakan7tarekan-800x400-1.jpeg","type":"image\/jpeg"}],"author":"admin","twitter_card":"summary_large_image","twitter_misc":{"\u041d\u0430\u043f\u0438\u0441\u0430\u043d\u043e \u0430\u0432\u0442\u043e\u0440\u043e\u043c":"admin","\u041f\u0440\u0438\u043c\u0435\u0440\u043d\u043e\u0435 \u0432\u0440\u0435\u043c\u044f \u0434\u043b\u044f \u0447\u0442\u0435\u043d\u0438\u044f":"3 \u043c\u0438\u043d\u0443\u0442\u044b"},"schema":{"@context":"https:\/\/schema.org","@graph":[{"@type":"WebPage","@id":"https:\/\/mediapast.am\/?p=5031","url":"https:\/\/mediapast.am\/?p=5031","name":"Des jumeaux siamois ont \u00e9t\u00e9 s\u00e9par\u00e9s un an apr\u00e8s leur naissance : voici \u00e0 quoi ils ressemblent 7 ans plus tard. - MediaPast.am","isPartOf":{"@id":"https:\/\/mediapast.am\/#website"},"primaryImageOfPage":{"@id":"https:\/\/mediapast.am\/?p=5031#primaryimage"},"image":{"@id":"https:\/\/mediapast.am\/?p=5031#primaryimage"},"thumbnailUrl":"https:\/\/mediapast.am\/wp-content\/uploads\/2025\/05\/siamakan7tarekan-800x400-1.jpeg","datePublished":"2025-05-17T06:27:12+00:00","dateModified":"2025-05-17T06:27:12+00:00","author":{"@id":"https:\/\/mediapast.am\/#\/schema\/person\/21d1d2ab6ead53843e98dac9c026ce3b"},"breadcrumb":{"@id":"https:\/\/mediapast.am\/?p=5031#breadcrumb"},"inLanguage":"ru-RU","potentialAction":[{"@type":"ReadAction","target":["https:\/\/mediapast.am\/?p=5031"]}]},{"@type":"ImageObject","inLanguage":"ru-RU","@id":"https:\/\/mediapast.am\/?p=5031#primaryimage","url":"https:\/\/mediapast.am\/wp-content\/uploads\/2025\/05\/siamakan7tarekan-800x400-1.jpeg","contentUrl":"https:\/\/mediapast.am\/wp-content\/uploads\/2025\/05\/siamakan7tarekan-800x400-1.jpeg","width":800,"height":400},{"@type":"BreadcrumbList","@id":"https:\/\/mediapast.am\/?p=5031#breadcrumb","itemListElement":[{"@type":"ListItem","position":1,"name":"\u0413\u043b\u0430\u0432\u043d\u0430\u044f \u0441\u0442\u0440\u0430\u043d\u0438\u0446\u0430","item":"https:\/\/mediapast.am\/"},{"@type":"ListItem","position":2,"name":"Des jumeaux siamois ont \u00e9t\u00e9 s\u00e9par\u00e9s un an apr\u00e8s leur naissance : voici \u00e0 quoi ils ressemblent 7 ans plus tard."}]},{"@type":"WebSite","@id":"https:\/\/mediapast.am\/#website","url":"https:\/\/mediapast.am\/","name":"MediaPast.am","description":"","potentialAction":[{"@type":"SearchAction","target":{"@type":"EntryPoint","urlTemplate":"https:\/\/mediapast.am\/?s={search_term_string}"},"query-input":{"@type":"PropertyValueSpecification","valueRequired":true,"valueName":"search_term_string"}}],"inLanguage":"ru-RU"},{"@type":"Person","@id":"https:\/\/mediapast.am\/#\/schema\/person\/21d1d2ab6ead53843e98dac9c026ce3b","name":"admin","image":{"@type":"ImageObject","inLanguage":"ru-RU","@id":"https:\/\/mediapast.am\/#\/schema\/person\/image\/","url":"https:\/\/secure.gravatar.com\/avatar\/33bf6e6e13725f8b5d5c45e3d055fa53?s=96&d=mm&r=g","contentUrl":"https:\/\/secure.gravatar.com\/avatar\/33bf6e6e13725f8b5d5c45e3d055fa53?s=96&d=mm&r=g","caption":"admin"},"sameAs":["http:\/\/mediapast.am"],"url":"https:\/\/mediapast.am\/?author=1"}]}},"_links":{"self":[{"href":"https:\/\/mediapast.am\/index.php?rest_route=\/wp\/v2\/posts\/5031"}],"collection":[{"href":"https:\/\/mediapast.am\/index.php?rest_route=\/wp\/v2\/posts"}],"about":[{"href":"https:\/\/mediapast.am\/index.php?rest_route=\/wp\/v2\/types\/post"}],"author":[{"embeddable":true,"href":"https:\/\/mediapast.am\/index.php?rest_route=\/wp\/v2\/users\/1"}],"replies":[{"embeddable":true,"href":"https:\/\/mediapast.am\/index.php?rest_route=%2Fwp%2Fv2%2Fcomments&post=5031"}],"version-history":[{"count":1,"href":"https:\/\/mediapast.am\/index.php?rest_route=\/wp\/v2\/posts\/5031\/revisions"}],"predecessor-version":[{"id":5033,"href":"https:\/\/mediapast.am\/index.php?rest_route=\/wp\/v2\/posts\/5031\/revisions\/5033"}],"wp:featuredmedia":[{"embeddable":true,"href":"https:\/\/mediapast.am\/index.php?rest_route=\/wp\/v2\/media\/5032"}],"wp:attachment":[{"href":"https:\/\/mediapast.am\/index.php?rest_route=%2Fwp%2Fv2%2Fmedia&parent=5031"}],"wp:term":[{"taxonomy":"category","embeddable":true,"href":"https:\/\/mediapast.am\/index.php?rest_route=%2Fwp%2Fv2%2Fcategories&post=5031"},{"taxonomy":"post_tag","embeddable":true,"href":"https:\/\/mediapast.am\/index.php?rest_route=%2Fwp%2Fv2%2Ftags&post=5031"}],"curies":[{"name":"wp","href":"https:\/\/api.w.org\/{rel}","templated":true}]}}