{"id":5026,"date":"2025-05-16T23:15:19","date_gmt":"2025-05-16T20:15:19","guid":{"rendered":"https:\/\/mediapast.am\/?p=5026"},"modified":"2025-05-16T23:15:19","modified_gmt":"2025-05-16T20:15:19","slug":"regardez-bien-lorsque-le-photographe-a-pris-cette-photo-il-sest-rendu-compte-quil-avait-capture-quelque-chose-detrange","status":"publish","type":"post","link":"https:\/\/mediapast.am\/?p=5026","title":{"rendered":"Regardez bien. Lorsque le photographe a pris cette photo, il s\u2019est rendu compte qu\u2019il avait captur\u00e9 quelque chose d\u2019\u00e9trange."},"content":{"rendered":"<p>La princesse Diana : une vie immortalis\u00e9e en photographies rares et remarquables<\/p>\n<p><span itemprop=\"image\" itemscope itemtype=\"https:\/\/schema.org\/ImageObject\"><img itemprop=\"url image\" loading=\"lazy\" decoding=\"async\" class=\"alignnone size-medium wp-image-5027\" src=\"https:\/\/mediapast.am\/wp-content\/uploads\/2025\/05\/FB_IMG_1747426387814-297x300.jpg\" alt=\"\" width=\"297\" height=\"300\" srcset=\"https:\/\/mediapast.am\/wp-content\/uploads\/2025\/05\/FB_IMG_1747426387814-297x300.jpg 297w, https:\/\/mediapast.am\/wp-content\/uploads\/2025\/05\/FB_IMG_1747426387814-768x776.jpg 768w, https:\/\/mediapast.am\/wp-content\/uploads\/2025\/05\/FB_IMG_1747426387814-80x80.jpg 80w, https:\/\/mediapast.am\/wp-content\/uploads\/2025\/05\/FB_IMG_1747426387814.jpg 869w\" sizes=\"(max-width: 297px) 100vw, 297px\" \/><meta itemprop=\"width\" content=\"297\"><meta itemprop=\"height\" content=\"300\"><\/span><\/p>\n<p>La princesse Diana, affectueusement surnomm\u00e9e \u00ab la princesse du peuple \u00bb, continue de toucher le c\u0153ur des gens \u00e0 travers le monde.<\/p>\n<p>Sa vie, remplie de moments de chaleur, de courage et de compassion, a \u00e9t\u00e9 immortalis\u00e9e dans des photographies qui racontent l\u2019histoire d\u2019une femme bien plus que royale.<\/p>\n<p>&nbsp;<\/p>\n<p>Des sorties familiales pleines de joie aux missions humanitaires marquantes, ces images rares offrent un regard \u00e9mouvant sur le parcours extraordinaire de Diana.<\/p>\n<p>&nbsp;<\/p>\n<p>Pistes de ski et maternit\u00e9 : une journ\u00e9e en Autriche<\/p>\n<p>&nbsp;<\/p>\n<p>Sur une photo embl\u00e9matique, on voit Diana skier en Autriche avec ses fils, le prince William et le prince Harry.<\/p>\n<p>&nbsp;<\/p>\n<p>Envelopp\u00e9s dans la neige, ils sourient et rient \u2014 ce clich\u00e9 illustre parfaitement le d\u00e9vouement de Diana en tant que m\u00e8re, cherchant toujours \u00e0 offrir \u00e0 ses enfants de l\u2019amour et un semblant de normalit\u00e9, m\u00eame sous les projecteurs royaux.<\/p>\n<p>&nbsp;<\/p>\n<p>\u00c9vasion sur une \u00eele : Diana \u00e0 Necker Island<\/p>\n<p>&nbsp;<\/p>\n<p>En 1990, Diana emm\u00e8ne William et Harry \u00e0 Necker Island, un refuge priv\u00e9 appartenant \u00e0 Richard Branson.<\/p>\n<p>&nbsp;<\/p>\n<p>Les photos intimes de ce voyage montrent une Diana d\u00e9tendue et joyeuse, loin des regards indiscrets.<\/p>\n<p>&nbsp;<\/p>\n<p>Ces moments rares d\u00e9voilent une m\u00e8re qui ch\u00e9rissait le temps pass\u00e9 avec ses fils, loin des formalit\u00e9s de la vie au palais.<\/p>\n<p>&nbsp;<\/p>\n<p>Joie \u00e0 Thorpe Park : le c\u00f4t\u00e9 ludique de Diana<\/p>\n<p>&nbsp;<\/p>\n<p>La photo, prise en 1992, montre Diana passant une journ\u00e9e amusante \u00e0 Thorpe Park avec le jeune Harry.<\/p>\n<p>&nbsp;<\/p>\n<p>Les man\u00e8ges et son large sourire capturent le c\u00f4t\u00e9 de Diana que le public adorait \u2014 joyeuse, insouciante, pleinement pr\u00e9sente.<\/p>\n<p>&nbsp;<\/p>\n<p>M\u00eame en remplissant ses devoirs royaux, elle n\u2019a jamais perdu sa capacit\u00e9 \u00e0 \u00eatre simplement une maman amusante.<\/p>\n<p>&nbsp;<\/p>\n<p>C\u0153ur humanitaire : Diana en Angola<\/p>\n<p>&nbsp;<\/p>\n<p>L\u2019une des photos les plus marquantes de Diana a \u00e9t\u00e9 prise lors de sa visite en Angola en 1997.<\/p>\n<p>&nbsp;<\/p>\n<p>Assise \u00e0 c\u00f4t\u00e9 de survivants de mines antipersonnel, elle leur offrait r\u00e9confort et compassion, utilisant sa notori\u00e9t\u00e9 pour alerter le monde sur ce fl\u00e9au.<\/p>\n<p>&nbsp;<\/p>\n<p>Ce fut un moment d\u00e9terminant de son h\u00e9ritage : intr\u00e9pide, compatissante et profond\u00e9ment humaine.<\/p>\n<p>&nbsp;<\/p>\n<p>Avant la c\u00e9l\u00e9brit\u00e9 : Diana dans le West Sussex<\/p>\n<p>&nbsp;<\/p>\n<p>Une photo de 1971 montre Diana en vacances \u00e0 Itchenor, dans le West Sussex, quelques ann\u00e9es avant qu\u2019elle n\u2019\u00e9pouse un membre de la famille royale.<\/p>\n<p>&nbsp;<\/p>\n<p>&nbsp;<\/p>\n<p>C\u2019est un moment rare, sans artifice, d\u2019une jeune femme profitant de la vie \u2014 un rappel qu\u2019avant que le monde ne la connaisse, Diana n\u2019\u00e9tait que Diana, pleine de vie et libre.<\/p>\n<p>&nbsp;<\/p>\n<p>Les ann\u00e9es dans son appartement londonien : la vie \u00e0 Colerne Court<\/p>\n<p>&nbsp;<\/p>\n<p>Sur une autre photo ancienne, Diana est photographi\u00e9e devant son appartement londonien \u00e0 Colerne Court, avant ses fian\u00e7ailles avec le prince Charles.<\/p>\n<p>&nbsp;<\/p>\n<p>Debout simplement sur le trottoir, elle n\u2019imaginait pas encore que le monde allait bient\u00f4t conna\u00eetre son nom.<\/p>\n<p>&nbsp;<\/p>\n<p>Cette image de sa vie avant les fian\u00e7ailles montre \u00e0 quel point tout allait changer pour elle.<\/p>\n<p>&nbsp;<\/p>\n<p>Prince espi\u00e8gle : le moment malicieux d\u2019Harry<\/p>\n<p>&nbsp;<\/p>\n<p>L\u2019une de nos photos pr\u00e9f\u00e9r\u00e9es montre le prince Harry tirant la langue \u00e0 la foule devant Buckingham Palace, avec Diana \u00e0 ses c\u00f4t\u00e9s.<\/p>\n<p>&nbsp;<\/p>\n<p>Sa r\u00e9action pleine d\u2019humour est devenue instantan\u00e9ment iconique, r\u00e9v\u00e9lant la chaleur et l\u2019esprit qui faisaient tant aimer Diana.<\/p>\n<p>&nbsp;<\/p>\n<p>Style spectaculaire : Diana en veste Barbour<\/p>\n<p>&nbsp;<\/p>\n<p>En 1985, Diana est photographi\u00e9e en \u00c9cosse portant une veste Barbour \u2014 pratique, \u00e9l\u00e9gante, et typiquement elle.<\/p>\n<p>&nbsp;<\/p>\n<p>Cette image a confirm\u00e9 son statut d\u2019ic\u00f4ne de la mode, alliant \u00e9l\u00e9gance et accessibilit\u00e9.<\/p>\n<p>&nbsp;<\/p>\n<p>Qu\u2019il s\u2019agisse de robes ou de vestes cir\u00e9es, le style de Diana refl\u00e9tait toujours son authenticit\u00e9.<\/p>\n<p>&nbsp;<\/p>\n<p>Amour et lumi\u00e8re : le dernier \u00e9t\u00e9 de Diana avec Dodi Al-Fayed<\/p>\n<p>&nbsp;<\/p>\n<p>L\u2019une des derni\u00e8res photos de Diana a \u00e9t\u00e9 prise \u00e0 Saint-Tropez en 1997, o\u00f9 elle est captur\u00e9e souriante aux c\u00f4t\u00e9s de Dodi Al-Fayed.<\/p>\n<p>&nbsp;<\/p>\n<p>Remplie de lumi\u00e8re et de tendresse, la photo r\u00e9v\u00e8le une femme qui avait trouv\u00e9 le bonheur malgr\u00e9 le chaos qui l\u2019entourait souvent.<\/p>\n<p>&nbsp;<\/p>\n<p>C\u2019est une image \u00e0 la fois belle et d\u00e9chirante.<\/p>\n<p>&nbsp;<\/p>\n<p>Un h\u00e9ritage vivant<\/p>\n<p>&nbsp;<\/p>\n<p>Ces photographies sont bien plus que de simples instantan\u00e9s \u2014 ce sont des fragments d\u2019histoire, qui refl\u00e8tent l\u2019humanit\u00e9, le courage et l\u2019h\u00e9ritage durable de Diana.<\/p>\n<p>&nbsp;<\/p>\n<p>\u00c0 travers la joie de la maternit\u00e9, son travail humanitaire courageux et ses moments de vuln\u00e9rabilit\u00e9, Diana reste un symbole de force, de gr\u00e2ce et de compassion.<\/p>\n<p>&nbsp;<\/p>\n<p>Conclusion : bien plus qu\u2019une princesse<\/p>\n<p>&nbsp;<\/p>\n<p>La princesse Diana \u00e9tait bien des choses : une m\u00e8re, une actrice du changement, une ic\u00f4ne de la mode, et une figure mondiale qui a su donner une voix \u00e0 tant de gens.<\/p>\n<p>&nbsp;<\/p>\n<blockquote><p>Ces images rares nous rappellent non seulement ce qu\u2019elle a fait, mais aussi qui elle \u00e9tait.<\/p><\/blockquote>\n<p>&nbsp;<\/p>\n<p>Des d\u00e9cennies plus tard, son h\u00e9ritage continue d\u2019inspirer \u2014 une photo \u00e0 la fois.<\/p>\n","protected":false},"excerpt":{"rendered":"<p>La princesse Diana : une vie immortalis\u00e9e en photographies rares et remarquables La princesse Diana, affectueusement surnomm\u00e9e \u00ab la princesse du peuple \u00bb, continue de toucher le c\u0153ur des gens \u00e0 travers le monde. Sa vie, remplie de moments de chaleur, de courage et de compassion, a \u00e9t\u00e9 immortalis\u00e9e dans des photographies qui racontent l\u2019histoire [&hellip;]<\/p>\n","protected":false},"author":1,"featured_media":5028,"comment_status":"open","ping_status":"open","sticky":false,"template":"","format":"standard","meta":{"inline_featured_image":false,"footnotes":""},"categories":[1],"tags":[],"class_list":["post-5026","post","type-post","status-publish","format-standard","has-post-thumbnail","","category-1"],"yoast_head":"<!-- This site is optimized with the Yoast SEO plugin v23.7 - https:\/\/yoast.com\/wordpress\/plugins\/seo\/ -->\n<title>Regardez bien. Lorsque le photographe a pris cette photo, il s\u2019est rendu compte qu\u2019il avait captur\u00e9 quelque chose d\u2019\u00e9trange. - MediaPast.am<\/title>\n<meta name=\"robots\" content=\"index, follow, max-snippet:-1, max-image-preview:large, max-video-preview:-1\" \/>\n<link rel=\"canonical\" href=\"https:\/\/mediapast.am\/?p=5026\" \/>\n<meta property=\"og:locale\" content=\"ru_RU\" \/>\n<meta property=\"og:type\" content=\"article\" \/>\n<meta property=\"og:title\" content=\"Regardez bien. Lorsque le photographe a pris cette photo, il s\u2019est rendu compte qu\u2019il avait captur\u00e9 quelque chose d\u2019\u00e9trange. - MediaPast.am\" \/>\n<meta property=\"og:description\" content=\"La princesse Diana : une vie immortalis\u00e9e en photographies rares et remarquables La princesse Diana, affectueusement surnomm\u00e9e \u00ab la princesse du peuple \u00bb, continue de toucher le c\u0153ur des gens \u00e0 travers le monde. Sa vie, remplie de moments de chaleur, de courage et de compassion, a \u00e9t\u00e9 immortalis\u00e9e dans des photographies qui racontent l\u2019histoire [&hellip;]\" \/>\n<meta property=\"og:url\" content=\"https:\/\/mediapast.am\/?p=5026\" \/>\n<meta property=\"og:site_name\" content=\"MediaPast.am\" \/>\n<meta property=\"article:published_time\" content=\"2025-05-16T20:15:19+00:00\" \/>\n<meta property=\"og:image\" content=\"https:\/\/mediapast.am\/wp-content\/uploads\/2025\/05\/FB_IMG_1747426387814-1.jpg\" \/>\n\t<meta property=\"og:image:width\" content=\"869\" \/>\n\t<meta property=\"og:image:height\" content=\"878\" \/>\n\t<meta property=\"og:image:type\" content=\"image\/jpeg\" \/>\n<meta name=\"author\" content=\"admin\" \/>\n<meta name=\"twitter:card\" content=\"summary_large_image\" \/>\n<meta name=\"twitter:label1\" content=\"\u041d\u0430\u043f\u0438\u0441\u0430\u043d\u043e \u0430\u0432\u0442\u043e\u0440\u043e\u043c\" \/>\n\t<meta name=\"twitter:data1\" content=\"admin\" \/>\n\t<meta name=\"twitter:label2\" content=\"\u041f\u0440\u0438\u043c\u0435\u0440\u043d\u043e\u0435 \u0432\u0440\u0435\u043c\u044f \u0434\u043b\u044f \u0447\u0442\u0435\u043d\u0438\u044f\" \/>\n\t<meta name=\"twitter:data2\" content=\"5 \u043c\u0438\u043d\u0443\u0442\" \/>\n<script type=\"application\/ld+json\" class=\"yoast-schema-graph\">{\"@context\":\"https:\/\/schema.org\",\"@graph\":[{\"@type\":\"WebPage\",\"@id\":\"https:\/\/mediapast.am\/?p=5026\",\"url\":\"https:\/\/mediapast.am\/?p=5026\",\"name\":\"Regardez bien. Lorsque le photographe a pris cette photo, il s\u2019est rendu compte qu\u2019il avait captur\u00e9 quelque chose d\u2019\u00e9trange. - MediaPast.am\",\"isPartOf\":{\"@id\":\"https:\/\/mediapast.am\/#website\"},\"primaryImageOfPage\":{\"@id\":\"https:\/\/mediapast.am\/?p=5026#primaryimage\"},\"image\":{\"@id\":\"https:\/\/mediapast.am\/?p=5026#primaryimage\"},\"thumbnailUrl\":\"https:\/\/mediapast.am\/wp-content\/uploads\/2025\/05\/FB_IMG_1747426387814-1.jpg\",\"datePublished\":\"2025-05-16T20:15:19+00:00\",\"dateModified\":\"2025-05-16T20:15:19+00:00\",\"author\":{\"@id\":\"https:\/\/mediapast.am\/#\/schema\/person\/21d1d2ab6ead53843e98dac9c026ce3b\"},\"breadcrumb\":{\"@id\":\"https:\/\/mediapast.am\/?p=5026#breadcrumb\"},\"inLanguage\":\"ru-RU\",\"potentialAction\":[{\"@type\":\"ReadAction\",\"target\":[\"https:\/\/mediapast.am\/?p=5026\"]}]},{\"@type\":\"ImageObject\",\"inLanguage\":\"ru-RU\",\"@id\":\"https:\/\/mediapast.am\/?p=5026#primaryimage\",\"url\":\"https:\/\/mediapast.am\/wp-content\/uploads\/2025\/05\/FB_IMG_1747426387814-1.jpg\",\"contentUrl\":\"https:\/\/mediapast.am\/wp-content\/uploads\/2025\/05\/FB_IMG_1747426387814-1.jpg\",\"width\":869,\"height\":878},{\"@type\":\"BreadcrumbList\",\"@id\":\"https:\/\/mediapast.am\/?p=5026#breadcrumb\",\"itemListElement\":[{\"@type\":\"ListItem\",\"position\":1,\"name\":\"\u0413\u043b\u0430\u0432\u043d\u0430\u044f \u0441\u0442\u0440\u0430\u043d\u0438\u0446\u0430\",\"item\":\"https:\/\/mediapast.am\/\"},{\"@type\":\"ListItem\",\"position\":2,\"name\":\"Regardez bien. Lorsque le photographe a pris cette photo, il s\u2019est rendu compte qu\u2019il avait captur\u00e9 quelque chose d\u2019\u00e9trange.\"}]},{\"@type\":\"WebSite\",\"@id\":\"https:\/\/mediapast.am\/#website\",\"url\":\"https:\/\/mediapast.am\/\",\"name\":\"MediaPast.am\",\"description\":\"\",\"potentialAction\":[{\"@type\":\"SearchAction\",\"target\":{\"@type\":\"EntryPoint\",\"urlTemplate\":\"https:\/\/mediapast.am\/?s={search_term_string}\"},\"query-input\":{\"@type\":\"PropertyValueSpecification\",\"valueRequired\":true,\"valueName\":\"search_term_string\"}}],\"inLanguage\":\"ru-RU\"},{\"@type\":\"Person\",\"@id\":\"https:\/\/mediapast.am\/#\/schema\/person\/21d1d2ab6ead53843e98dac9c026ce3b\",\"name\":\"admin\",\"image\":{\"@type\":\"ImageObject\",\"inLanguage\":\"ru-RU\",\"@id\":\"https:\/\/mediapast.am\/#\/schema\/person\/image\/\",\"url\":\"https:\/\/secure.gravatar.com\/avatar\/33bf6e6e13725f8b5d5c45e3d055fa53?s=96&d=mm&r=g\",\"contentUrl\":\"https:\/\/secure.gravatar.com\/avatar\/33bf6e6e13725f8b5d5c45e3d055fa53?s=96&d=mm&r=g\",\"caption\":\"admin\"},\"sameAs\":[\"http:\/\/mediapast.am\"],\"url\":\"https:\/\/mediapast.am\/?author=1\"}]}<\/script>\n<!-- \/ Yoast SEO plugin. -->","yoast_head_json":{"title":"Regardez bien. Lorsque le photographe a pris cette photo, il s\u2019est rendu compte qu\u2019il avait captur\u00e9 quelque chose d\u2019\u00e9trange. - MediaPast.am","robots":{"index":"index","follow":"follow","max-snippet":"max-snippet:-1","max-image-preview":"max-image-preview:large","max-video-preview":"max-video-preview:-1"},"canonical":"https:\/\/mediapast.am\/?p=5026","og_locale":"ru_RU","og_type":"article","og_title":"Regardez bien. Lorsque le photographe a pris cette photo, il s\u2019est rendu compte qu\u2019il avait captur\u00e9 quelque chose d\u2019\u00e9trange. - MediaPast.am","og_description":"La princesse Diana : une vie immortalis\u00e9e en photographies rares et remarquables La princesse Diana, affectueusement surnomm\u00e9e \u00ab la princesse du peuple \u00bb, continue de toucher le c\u0153ur des gens \u00e0 travers le monde. Sa vie, remplie de moments de chaleur, de courage et de compassion, a \u00e9t\u00e9 immortalis\u00e9e dans des photographies qui racontent l\u2019histoire [&hellip;]","og_url":"https:\/\/mediapast.am\/?p=5026","og_site_name":"MediaPast.am","article_published_time":"2025-05-16T20:15:19+00:00","og_image":[{"width":869,"height":878,"url":"https:\/\/mediapast.am\/wp-content\/uploads\/2025\/05\/FB_IMG_1747426387814-1.jpg","type":"image\/jpeg"}],"author":"admin","twitter_card":"summary_large_image","twitter_misc":{"\u041d\u0430\u043f\u0438\u0441\u0430\u043d\u043e \u0430\u0432\u0442\u043e\u0440\u043e\u043c":"admin","\u041f\u0440\u0438\u043c\u0435\u0440\u043d\u043e\u0435 \u0432\u0440\u0435\u043c\u044f \u0434\u043b\u044f \u0447\u0442\u0435\u043d\u0438\u044f":"5 \u043c\u0438\u043d\u0443\u0442"},"schema":{"@context":"https:\/\/schema.org","@graph":[{"@type":"WebPage","@id":"https:\/\/mediapast.am\/?p=5026","url":"https:\/\/mediapast.am\/?p=5026","name":"Regardez bien. Lorsque le photographe a pris cette photo, il s\u2019est rendu compte qu\u2019il avait captur\u00e9 quelque chose d\u2019\u00e9trange. - MediaPast.am","isPartOf":{"@id":"https:\/\/mediapast.am\/#website"},"primaryImageOfPage":{"@id":"https:\/\/mediapast.am\/?p=5026#primaryimage"},"image":{"@id":"https:\/\/mediapast.am\/?p=5026#primaryimage"},"thumbnailUrl":"https:\/\/mediapast.am\/wp-content\/uploads\/2025\/05\/FB_IMG_1747426387814-1.jpg","datePublished":"2025-05-16T20:15:19+00:00","dateModified":"2025-05-16T20:15:19+00:00","author":{"@id":"https:\/\/mediapast.am\/#\/schema\/person\/21d1d2ab6ead53843e98dac9c026ce3b"},"breadcrumb":{"@id":"https:\/\/mediapast.am\/?p=5026#breadcrumb"},"inLanguage":"ru-RU","potentialAction":[{"@type":"ReadAction","target":["https:\/\/mediapast.am\/?p=5026"]}]},{"@type":"ImageObject","inLanguage":"ru-RU","@id":"https:\/\/mediapast.am\/?p=5026#primaryimage","url":"https:\/\/mediapast.am\/wp-content\/uploads\/2025\/05\/FB_IMG_1747426387814-1.jpg","contentUrl":"https:\/\/mediapast.am\/wp-content\/uploads\/2025\/05\/FB_IMG_1747426387814-1.jpg","width":869,"height":878},{"@type":"BreadcrumbList","@id":"https:\/\/mediapast.am\/?p=5026#breadcrumb","itemListElement":[{"@type":"ListItem","position":1,"name":"\u0413\u043b\u0430\u0432\u043d\u0430\u044f \u0441\u0442\u0440\u0430\u043d\u0438\u0446\u0430","item":"https:\/\/mediapast.am\/"},{"@type":"ListItem","position":2,"name":"Regardez bien. Lorsque le photographe a pris cette photo, il s\u2019est rendu compte qu\u2019il avait captur\u00e9 quelque chose d\u2019\u00e9trange."}]},{"@type":"WebSite","@id":"https:\/\/mediapast.am\/#website","url":"https:\/\/mediapast.am\/","name":"MediaPast.am","description":"","potentialAction":[{"@type":"SearchAction","target":{"@type":"EntryPoint","urlTemplate":"https:\/\/mediapast.am\/?s={search_term_string}"},"query-input":{"@type":"PropertyValueSpecification","valueRequired":true,"valueName":"search_term_string"}}],"inLanguage":"ru-RU"},{"@type":"Person","@id":"https:\/\/mediapast.am\/#\/schema\/person\/21d1d2ab6ead53843e98dac9c026ce3b","name":"admin","image":{"@type":"ImageObject","inLanguage":"ru-RU","@id":"https:\/\/mediapast.am\/#\/schema\/person\/image\/","url":"https:\/\/secure.gravatar.com\/avatar\/33bf6e6e13725f8b5d5c45e3d055fa53?s=96&d=mm&r=g","contentUrl":"https:\/\/secure.gravatar.com\/avatar\/33bf6e6e13725f8b5d5c45e3d055fa53?s=96&d=mm&r=g","caption":"admin"},"sameAs":["http:\/\/mediapast.am"],"url":"https:\/\/mediapast.am\/?author=1"}]}},"_links":{"self":[{"href":"https:\/\/mediapast.am\/index.php?rest_route=\/wp\/v2\/posts\/5026"}],"collection":[{"href":"https:\/\/mediapast.am\/index.php?rest_route=\/wp\/v2\/posts"}],"about":[{"href":"https:\/\/mediapast.am\/index.php?rest_route=\/wp\/v2\/types\/post"}],"author":[{"embeddable":true,"href":"https:\/\/mediapast.am\/index.php?rest_route=\/wp\/v2\/users\/1"}],"replies":[{"embeddable":true,"href":"https:\/\/mediapast.am\/index.php?rest_route=%2Fwp%2Fv2%2Fcomments&post=5026"}],"version-history":[{"count":1,"href":"https:\/\/mediapast.am\/index.php?rest_route=\/wp\/v2\/posts\/5026\/revisions"}],"predecessor-version":[{"id":5029,"href":"https:\/\/mediapast.am\/index.php?rest_route=\/wp\/v2\/posts\/5026\/revisions\/5029"}],"wp:featuredmedia":[{"embeddable":true,"href":"https:\/\/mediapast.am\/index.php?rest_route=\/wp\/v2\/media\/5028"}],"wp:attachment":[{"href":"https:\/\/mediapast.am\/index.php?rest_route=%2Fwp%2Fv2%2Fmedia&parent=5026"}],"wp:term":[{"taxonomy":"category","embeddable":true,"href":"https:\/\/mediapast.am\/index.php?rest_route=%2Fwp%2Fv2%2Fcategories&post=5026"},{"taxonomy":"post_tag","embeddable":true,"href":"https:\/\/mediapast.am\/index.php?rest_route=%2Fwp%2Fv2%2Ftags&post=5026"}],"curies":[{"name":"wp","href":"https:\/\/api.w.org\/{rel}","templated":true}]}}