{"id":4501,"date":"2025-04-19T19:24:47","date_gmt":"2025-04-19T16:24:47","guid":{"rendered":"https:\/\/mediapast.am\/?p=4501"},"modified":"2025-04-19T19:24:47","modified_gmt":"2025-04-19T16:24:47","slug":"jai-embauche-une-aide-soignante-pour-mon-pere-age-puis-il-ma-dit-elle-nest-pas-celle-quelle-pretend-etre","status":"publish","type":"post","link":"https:\/\/mediapast.am\/?p=4501","title":{"rendered":"J\u2019ai embauch\u00e9 une aide-soignante pour mon p\u00e8re \u00e2g\u00e9, puis il m\u2019a dit : \u201cElle n\u2019est pas celle qu\u2019elle pr\u00e9tend \u00eatre\u201d"},"content":{"rendered":"<p>Quand mon p\u00e8re a atteint ses derni\u00e8res ann\u00e9es et avait besoin d\u2019aide suppl\u00e9mentaire \u00e0 la maison, j\u2019ai embauch\u00e9 une aide-soignante pour all\u00e9ger son fardeau.<\/p>\n<p>&nbsp;<\/p>\n<p>Cela \u00e9tait cens\u00e9 lui apporter du confort et me donner la tranquillit\u00e9 d\u2019esprit.<\/p>\n<p>Mais au lieu de cela, cela n\u2019a apport\u00e9 que de l\u2019inqui\u00e9tude, culminant avec un moment qui a rendu ma d\u00e9cision claire : je devais la renvoyer.<\/p>\n<p>Je pensais que je faisais ce qu\u2019il fallait.<\/p>\n<p>Papa, Frank, avait toujours \u00e9t\u00e9 un homme farouchement ind\u00e9pendant.<\/p>\n<p>T\u00eatu, fier, du genre \u00e0 ne jamais demander son chemin m\u00eame s\u2019il \u00e9tait compl\u00e8tement perdu.<\/p>\n<p>Mais apr\u00e8s une chute mineure qui l\u2019a laiss\u00e9 lutter avec les t\u00e2ches quotidiennes, son m\u00e9decin a clairement indiqu\u00e9 qu\u2019il avait besoin d\u2019aide.<\/p>\n<p>\u00ab Je ne peux pas \u00eatre l\u00e0 tout le temps, Papa \u00bb, lui ai-je dit, esp\u00e9rant qu\u2019il verrait raison. \u00ab Tu as besoin d\u2019aide. \u00bb<\/p>\n<p>Il s\u2019y est oppos\u00e9, bien s\u00fbr, mais \u00e0 la fin, la logique a triomph\u00e9.<\/p>\n<p>C\u2019est l\u00e0 que Tessa est entr\u00e9e dans nos vies.<\/p>\n<p>Elle avait \u00e9t\u00e9 vivement recommand\u00e9e, une r\u00e9f\u00e9rence par un ami de confiance.<\/p>\n<p>Elle avait la trentaine pass\u00e9e, une pr\u00e9sence chaleureuse et d\u00e9contract\u00e9e, et \u00e9tait incroyablement patiente.<\/p>\n<div class=\"google-auto-placed ap_container\"><ins class=\"adsbygoogle adsbygoogle-noablate\" data-ad-format=\"auto\" data-ad-client=\"ca-pub-6216264334190039\" data-adsbygoogle-status=\"done\" data-ad-status=\"filled\"><\/p>\n<div id=\"aswift_5_host\"><\/div>\n<p><\/ins><\/div>\n<p>Elle prenait le temps d\u2019\u00e9couter les interminables histoires de mon p\u00e8re sur ses souvenirs de guerre, le jazz, et les voitures classiques.<\/p>\n<p>\u00c9tonnamment, Papa s\u2019est attach\u00e9 \u00e0 elle plus vite que je ne l\u2019avais imagin\u00e9.<\/p>\n<p>Elle s\u2019assurait qu\u2019il mangeait, prenait ses m\u00e9dicaments, et passait m\u00eame des apr\u00e8s-midis sur le porche avec lui, riant de ses blagues \u2013 quelque chose que je n\u2019avais pas vu depuis longtemps.<\/p>\n<p>Pour la premi\u00e8re fois depuis des mois, j\u2019ai souffl\u00e9.<\/p>\n<p>Mais le soulagement n\u2019a pas dur\u00e9.<\/p>\n<p>Un soir, alors que je d\u00e9barrassais la table apr\u00e8s le d\u00e9part de Tessa, mon p\u00e8re m\u2019a attrap\u00e9e par le poignet.<\/p>\n<p>Son \u00e9treinte \u00e9tait forte, ses yeux sombres de quelque chose que je n\u2019avais pas vu depuis que j\u2019\u00e9tais enfant \u2013 la peur.<\/p>\n<p>\u00ab Ch\u00e9rie \u00bb, murmura-t-il, jetant un regard autour de lui comme si elle pouvait encore l\u2019entendre. \u00ab Elle n\u2019est pas celle qu\u2019elle pr\u00e9tend \u00eatre. \u00bb<\/p>\n<p>Un frisson parcourut mon \u00e9chine.<\/p>\n<p>\u00ab Que veux-tu dire ? \u00bb demandai-je, ma voix prudente.<\/p>\n<p>Ses mains tremblaient l\u00e9g\u00e8rement.<\/p>\n<p>\u00ab Elle prend des choses. Mon vieux chemise en flanelle. Un livre que j\u2019ai depuis l\u2019universit\u00e9. La montre de poche de ta m\u00e8re. Elles ont disparu. \u00bb<\/p>\n<p>Je fron\u00e7ai les sourcils.<\/p>\n<p>\u00ab Papa, peut-\u00eatre que tu les as \u00e9gar\u00e9es\u2026 \u00bb<\/p>\n<p>Son visage se durcit.<\/p>\n<p>\u00ab Non \u00bb, dit-il fermement. \u00ab Je ne lui fais pas confiance. \u00bb<\/p>\n<p>Je soupirai.<\/p>\n<p>Mon p\u00e8re \u00e9tait devenu oublieux ces derniers temps.<\/p>\n<p>Je me disais que c\u2019\u00e9tait de la parano\u00efa, qu\u2019il en voulait peut-\u00eatre d\u2019avoir besoin d\u2019aide.<\/p>\n<p>Mais quelque chose dans la fa\u00e7on dont il me regardait \u2013 la d\u00e9sespoir silencieux dans sa voix \u2013 fit tordre mon estomac.<\/p>\n<div class=\"google-auto-placed ap_container\"><ins class=\"adsbygoogle adsbygoogle-noablate\" data-ad-format=\"auto\" data-ad-client=\"ca-pub-6216264334190039\" data-adsbygoogle-status=\"done\" data-ad-status=\"filled\"><\/p>\n<div id=\"aswift_6_host\"><\/div>\n<p><\/ins><\/div>\n<p>Cette nuit-l\u00e0, alors que je m\u2019allongeais dans mon lit, je n\u2019arrivais pas \u00e0 me d\u00e9barrasser du sentiment que quelque chose n\u2019allait pas.<\/p>\n<p>Puis cela arriva.<\/p>\n<p>Je rentrai tard du travail, \u00e9puis\u00e9e, glissant par la porte arri\u00e8re pour ne pas le r\u00e9veiller.<\/p>\n<p>Mais en entrant dans le couloir, j\u2019entendis une conversation \u00e0 voix basse.<\/p>\n<p>La voix de Tessa.<\/p>\n<p>\u00ab Non, ce n\u2019est pas encore le moment \u00bb, murmura-t-elle. \u00ab Il est faible. Je pense que j\u2019ai besoin d\u2019une ou deux semaines. \u00bb<\/p>\n<p>Je me figeai.<\/p>\n<p>Mon c\u0153ur battait la chamade alors que j\u2019essayais de comprendre ses paroles. Parlait-elle de mon p\u00e8re ? Pourquoi avait-elle l\u2019air si\u2026 calcul\u00e9e ?<\/p>\n<p>Je serrai les poings, la col\u00e8re remontant \u00e0 la surface.<\/p>\n<p>Je voulais entrer en trombe et exiger des r\u00e9ponses.<\/p>\n<p>Mais quelque chose me disait d\u2019attendre.<\/p>\n<p>Le lendemain matin, je l\u2019observai de pr\u00e8s.<\/p>\n<p>Elle se d\u00e9pla\u00e7ait dans la maison avec une aisance qui me d\u00e9stabilisait, sachant exactement o\u00f9 se trouvaient les objets alors que je ne lui avais rien montr\u00e9.<\/p>\n<p>Et lorsqu\u2019elle regardait mon p\u00e8re, son expression \u00e9tait imp\u00e9n\u00e9trable, prot\u00e9g\u00e9e \u2013 comme si elle l\u2019observait, l\u2019\u00e9valuait.<\/p>\n<p>C\u2019\u00e9tait d\u00e9cid\u00e9.<\/p>\n<p>Cette nuit-l\u00e0, je pris la d\u00e9cision de la renvoyer.<\/p>\n<p>Mais le destin en avait d\u00e9cid\u00e9 autrement.<\/p>\n<p>Lorsque j\u2019entrai dans la maison, l\u2019air \u00e9tait lourd, malsain.<\/p>\n<div class=\"b-r b-r--mob b-r--middle_content\"><ins class=\"adsbygoogle\" data-ad-client=\"ca-pub-6216264334190039\" data-ad-slot=\"2671384073\" data-ad-format=\"auto\" data-full-width-responsive=\"true\" data-adsbygoogle-status=\"done\" data-ad-status=\"filled\"><\/p>\n<div id=\"aswift_3_host\"><\/div>\n<p><\/ins><\/div>\n<p>Les lumi\u00e8res \u00e9taient tamis\u00e9es.<\/p>\n<p>Papa n\u2019\u00e9tait pas \u00e0 sa place habituelle pr\u00e8s de la fen\u00eatre.<\/p>\n<p>Puis j\u2019entendis un bruit \u2013 des pleurs.<\/p>\n<p>Paniqu\u00e9e, je suivis le son, mon c\u0153ur frappant contre mes c\u00f4tes.<\/p>\n<p>Je trouvai mon p\u00e8re affal\u00e9 sur le canap\u00e9, son visage enfoui dans ses mains.<\/p>\n<p>En face de lui, Tessa \u00e9tait agenouill\u00e9e sur le sol, tenant une pile de papiers, ses \u00e9paules secou\u00e9es de sanglots.<\/p>\n<p>Je restai fig\u00e9e dans l\u2019encadrement de la porte.<\/p>\n<p>\u00ab Monica \u00bb, dit-elle, sa voix rauque. \u00ab S\u2019il te pla\u00eet. \u00c9coute juste. \u00bb<\/p>\n<p>Tous mes muscles se tendirent.<\/p>\n<p>J\u2019\u00e9tais pr\u00eate \u00e0 appeler la police, \u00e0 la faire sortir de chez moi.<\/p>\n<p>Mais ensuite, je vis ce qui \u00e9tait sur la table basse.<\/p>\n<p>Le chemise en flanelle de Papa.<\/p>\n<p>Mon chemisier disparu.<\/p>\n<p>Et dans les mains de Tessa \u2013 un test ADN.<\/p>\n<p>Un silence s\u2019installa entre nous, \u00e9pais et suffocant.<\/p>\n<p>\u00ab Je devais savoir \u00bb, murmura-t-elle, sa voix \u00e0 peine audible. \u00ab Je ne volais pas. Je ne prenais pas d\u2019argent. Je voulais juste\u2026 avoir la preuve. \u00bb<\/p>\n<p>Papa leva la t\u00eate, ses yeux rouges, sa respiration irr\u00e9guli\u00e8re.<\/p>\n<p>Il me regarda, puis la regarda elle.<\/p>\n<p>Sa gorge se souleva alors qu\u2019il avalait difficilement.<\/p>\n<p>\u00ab C\u2019est ma fille \u00bb, dit-il enfin, sa voix bris\u00e9e. \u00ab Ta s\u0153ur a\u00een\u00e9e, Monica. \u00bb<\/p>\n<p>Le monde tourna.<\/p>\n<p>Mes jambes fl\u00e9chir\u00e8rent.<\/p>\n<p>\u00ab Quoi ? \u00bb<\/p>\n<p>Sa voix \u00e9tait rauque.<\/p>\n<p>\u00ab Je l\u2019ai laiss\u00e9e. Il y a des ann\u00e9es. Je ne savais pas o\u00f9 elle avait fini. Mais elle m\u2019a retrouv\u00e9. \u00bb<\/p>\n<p>Tout s\u2019\u00e9claircit.<\/p>\n<p>Les objets disparus \u2013 collect\u00e9s, pas vol\u00e9s.<\/p>\n<p>La peur dans ses yeux \u2013 pas \u00e0 cause de Tessa, mais \u00e0 cause de la v\u00e9rit\u00e9.<\/p>\n<p>Tessa laissa \u00e9chapper un souffle tremblant.<\/p>\n<p>\u00ab J\u2019ai pass\u00e9 ma vie \u00e0 me demander qui tu \u00e9tais \u00bb, lui dit-elle.<\/p>\n<p>\u00ab Je ne voulais ni argent ni vengeance. Je voulais juste te conna\u00eetre. \u00bb<\/p>\n<p>Ma poitrine se serra face \u00e0 la douleur silencieuse dans sa voix.<\/p>\n<p>Les mains de Papa tremblaient alors qu\u2019il tendait la main vers elle.<\/p>\n<p>\u00ab Je n\u2019ai jamais voulu te laisser. J\u2019\u00e9tais un idiot, j\u2019ai fait des erreurs. Mais si tu me le permets\u2026 je veux r\u00e9parer \u00e7a. \u00bb<\/p>\n<p>Tessa s\u2019essuya les yeux.<\/p>\n<p>\u00ab Je n\u2019ai pas besoin que tu r\u00e9pares quoi que ce soit \u00bb, murmura-t-elle. \u00ab Je voulais juste savoir d\u2019o\u00f9 je viens. \u00bb<\/p>\n<p>Et puis, dans un moment que je n\u2019avais pas vu venir, mon p\u00e8re la prit dans ses bras.<\/p>\n<p><span itemprop=\"image\" itemscope itemtype=\"https:\/\/schema.org\/ImageObject\"><img itemprop=\"url image\" loading=\"lazy\" decoding=\"async\" class=\"alignnone size-medium wp-image-4502\" src=\"https:\/\/mediapast.am\/wp-content\/uploads\/2025\/04\/FB_IMG_1745079769606-242x300.jpg\" alt=\"\" width=\"242\" height=\"300\" srcset=\"https:\/\/mediapast.am\/wp-content\/uploads\/2025\/04\/FB_IMG_1745079769606-242x300.jpg 242w, https:\/\/mediapast.am\/wp-content\/uploads\/2025\/04\/FB_IMG_1745079769606.jpg 738w\" sizes=\"(max-width: 242px) 100vw, 242px\" \/><meta itemprop=\"width\" content=\"242\"><meta itemprop=\"height\" content=\"300\"><\/span><\/p>\n<p>Je sentis la boule dans ma gorge se former.<\/p>\n<p>Ils rest\u00e8rent ainsi longtemps \u2013 deux \u00e9trangers unis par le sang, par le temps perdu, par une seconde chance qu\u2019aucun d\u2019eux n\u2019attendait.<\/p>\n<p>Papa brisa enfin le silence, sa voix douce.<\/p>\n<p>\u00ab Tu veux rester pour d\u00eener ? \u00bb<\/p>\n<p>Tessa cligna des yeux, surprise.<\/p>\n<p>\u00ab D\u00eener ? \u00bb<\/p>\n<p>Il hocha la t\u00eate.<\/p>\n<p>\u00ab Je ne peux pas changer le pass\u00e9. Mais j\u2019aimerais essayer. Si tu me le permets. \u00bb<\/p>\n<p>Un rire plein de larmes s\u2019\u00e9chappa d\u2019elle.<\/p>\n<p>\u00ab Oui \u00bb, murmura-t-elle. \u00ab J\u2019aimerais \u00e7a. \u00bb<\/p>\n<p>Et tout \u00e0 coup, tout changea.<\/p>\n<p>Nous n\u2019\u00e9tions plus des \u00e9trangers.<\/p>\n<p>Nous \u00e9tions une famille.<\/p>\n<p>Et pour la premi\u00e8re fois depuis longtemps, je savais \u2013 nous allions aller bien.<\/p>\n","protected":false},"excerpt":{"rendered":"<p>Quand mon p\u00e8re a atteint ses derni\u00e8res ann\u00e9es et avait besoin d\u2019aide suppl\u00e9mentaire \u00e0 la maison, j\u2019ai embauch\u00e9 une aide-soignante pour all\u00e9ger son fardeau. &nbsp; Cela \u00e9tait cens\u00e9 lui apporter du confort et me donner la tranquillit\u00e9 d\u2019esprit. Mais au lieu de cela, cela n\u2019a apport\u00e9 que de l\u2019inqui\u00e9tude, culminant avec un moment qui a [&hellip;]<\/p>\n","protected":false},"author":1,"featured_media":4502,"comment_status":"open","ping_status":"open","sticky":false,"template":"","format":"standard","meta":{"inline_featured_image":false,"footnotes":""},"categories":[1],"tags":[],"class_list":["post-4501","post","type-post","status-publish","format-standard","has-post-thumbnail","","category-1"],"yoast_head":"<!-- This site is optimized with the Yoast SEO plugin v23.7 - https:\/\/yoast.com\/wordpress\/plugins\/seo\/ -->\n<title>J\u2019ai embauch\u00e9 une aide-soignante pour mon p\u00e8re \u00e2g\u00e9, puis il m\u2019a dit : \u201cElle n\u2019est pas celle qu\u2019elle pr\u00e9tend \u00eatre\u201d - MediaPast.am<\/title>\n<meta name=\"robots\" content=\"index, follow, max-snippet:-1, max-image-preview:large, max-video-preview:-1\" \/>\n<link rel=\"canonical\" href=\"https:\/\/mediapast.am\/?p=4501\" \/>\n<meta property=\"og:locale\" content=\"ru_RU\" \/>\n<meta property=\"og:type\" content=\"article\" \/>\n<meta property=\"og:title\" content=\"J\u2019ai embauch\u00e9 une aide-soignante pour mon p\u00e8re \u00e2g\u00e9, puis il m\u2019a dit : \u201cElle n\u2019est pas celle qu\u2019elle pr\u00e9tend \u00eatre\u201d - MediaPast.am\" \/>\n<meta property=\"og:description\" content=\"Quand mon p\u00e8re a atteint ses derni\u00e8res ann\u00e9es et avait besoin d\u2019aide suppl\u00e9mentaire \u00e0 la maison, j\u2019ai embauch\u00e9 une aide-soignante pour all\u00e9ger son fardeau. &nbsp; Cela \u00e9tait cens\u00e9 lui apporter du confort et me donner la tranquillit\u00e9 d\u2019esprit. Mais au lieu de cela, cela n\u2019a apport\u00e9 que de l\u2019inqui\u00e9tude, culminant avec un moment qui a [&hellip;]\" \/>\n<meta property=\"og:url\" content=\"https:\/\/mediapast.am\/?p=4501\" \/>\n<meta property=\"og:site_name\" content=\"MediaPast.am\" \/>\n<meta property=\"article:published_time\" content=\"2025-04-19T16:24:47+00:00\" \/>\n<meta property=\"og:image\" content=\"https:\/\/mediapast.am\/wp-content\/uploads\/2025\/04\/FB_IMG_1745079769606.jpg\" \/>\n\t<meta property=\"og:image:width\" content=\"738\" \/>\n\t<meta property=\"og:image:height\" content=\"913\" \/>\n\t<meta property=\"og:image:type\" content=\"image\/jpeg\" \/>\n<meta name=\"author\" content=\"admin\" \/>\n<meta name=\"twitter:card\" content=\"summary_large_image\" \/>\n<meta name=\"twitter:label1\" content=\"\u041d\u0430\u043f\u0438\u0441\u0430\u043d\u043e \u0430\u0432\u0442\u043e\u0440\u043e\u043c\" \/>\n\t<meta name=\"twitter:data1\" content=\"admin\" \/>\n\t<meta name=\"twitter:label2\" content=\"\u041f\u0440\u0438\u043c\u0435\u0440\u043d\u043e\u0435 \u0432\u0440\u0435\u043c\u044f \u0434\u043b\u044f \u0447\u0442\u0435\u043d\u0438\u044f\" \/>\n\t<meta name=\"twitter:data2\" content=\"7 \u043c\u0438\u043d\u0443\u0442\" \/>\n<script type=\"application\/ld+json\" class=\"yoast-schema-graph\">{\"@context\":\"https:\/\/schema.org\",\"@graph\":[{\"@type\":\"WebPage\",\"@id\":\"https:\/\/mediapast.am\/?p=4501\",\"url\":\"https:\/\/mediapast.am\/?p=4501\",\"name\":\"J\u2019ai embauch\u00e9 une aide-soignante pour mon p\u00e8re \u00e2g\u00e9, puis il m\u2019a dit : \u201cElle n\u2019est pas celle qu\u2019elle pr\u00e9tend \u00eatre\u201d - MediaPast.am\",\"isPartOf\":{\"@id\":\"https:\/\/mediapast.am\/#website\"},\"primaryImageOfPage\":{\"@id\":\"https:\/\/mediapast.am\/?p=4501#primaryimage\"},\"image\":{\"@id\":\"https:\/\/mediapast.am\/?p=4501#primaryimage\"},\"thumbnailUrl\":\"https:\/\/mediapast.am\/wp-content\/uploads\/2025\/04\/FB_IMG_1745079769606.jpg\",\"datePublished\":\"2025-04-19T16:24:47+00:00\",\"dateModified\":\"2025-04-19T16:24:47+00:00\",\"author\":{\"@id\":\"https:\/\/mediapast.am\/#\/schema\/person\/21d1d2ab6ead53843e98dac9c026ce3b\"},\"breadcrumb\":{\"@id\":\"https:\/\/mediapast.am\/?p=4501#breadcrumb\"},\"inLanguage\":\"ru-RU\",\"potentialAction\":[{\"@type\":\"ReadAction\",\"target\":[\"https:\/\/mediapast.am\/?p=4501\"]}]},{\"@type\":\"ImageObject\",\"inLanguage\":\"ru-RU\",\"@id\":\"https:\/\/mediapast.am\/?p=4501#primaryimage\",\"url\":\"https:\/\/mediapast.am\/wp-content\/uploads\/2025\/04\/FB_IMG_1745079769606.jpg\",\"contentUrl\":\"https:\/\/mediapast.am\/wp-content\/uploads\/2025\/04\/FB_IMG_1745079769606.jpg\",\"width\":738,\"height\":913},{\"@type\":\"BreadcrumbList\",\"@id\":\"https:\/\/mediapast.am\/?p=4501#breadcrumb\",\"itemListElement\":[{\"@type\":\"ListItem\",\"position\":1,\"name\":\"\u0413\u043b\u0430\u0432\u043d\u0430\u044f \u0441\u0442\u0440\u0430\u043d\u0438\u0446\u0430\",\"item\":\"https:\/\/mediapast.am\/\"},{\"@type\":\"ListItem\",\"position\":2,\"name\":\"J\u2019ai embauch\u00e9 une aide-soignante pour mon p\u00e8re \u00e2g\u00e9, puis il m\u2019a dit : \u201cElle n\u2019est pas celle qu\u2019elle pr\u00e9tend \u00eatre\u201d\"}]},{\"@type\":\"WebSite\",\"@id\":\"https:\/\/mediapast.am\/#website\",\"url\":\"https:\/\/mediapast.am\/\",\"name\":\"MediaPast.am\",\"description\":\"\",\"potentialAction\":[{\"@type\":\"SearchAction\",\"target\":{\"@type\":\"EntryPoint\",\"urlTemplate\":\"https:\/\/mediapast.am\/?s={search_term_string}\"},\"query-input\":{\"@type\":\"PropertyValueSpecification\",\"valueRequired\":true,\"valueName\":\"search_term_string\"}}],\"inLanguage\":\"ru-RU\"},{\"@type\":\"Person\",\"@id\":\"https:\/\/mediapast.am\/#\/schema\/person\/21d1d2ab6ead53843e98dac9c026ce3b\",\"name\":\"admin\",\"image\":{\"@type\":\"ImageObject\",\"inLanguage\":\"ru-RU\",\"@id\":\"https:\/\/mediapast.am\/#\/schema\/person\/image\/\",\"url\":\"https:\/\/secure.gravatar.com\/avatar\/33bf6e6e13725f8b5d5c45e3d055fa53?s=96&d=mm&r=g\",\"contentUrl\":\"https:\/\/secure.gravatar.com\/avatar\/33bf6e6e13725f8b5d5c45e3d055fa53?s=96&d=mm&r=g\",\"caption\":\"admin\"},\"sameAs\":[\"http:\/\/mediapast.am\"],\"url\":\"https:\/\/mediapast.am\/?author=1\"}]}<\/script>\n<!-- \/ Yoast SEO plugin. -->","yoast_head_json":{"title":"J\u2019ai embauch\u00e9 une aide-soignante pour mon p\u00e8re \u00e2g\u00e9, puis il m\u2019a dit : \u201cElle n\u2019est pas celle qu\u2019elle pr\u00e9tend \u00eatre\u201d - MediaPast.am","robots":{"index":"index","follow":"follow","max-snippet":"max-snippet:-1","max-image-preview":"max-image-preview:large","max-video-preview":"max-video-preview:-1"},"canonical":"https:\/\/mediapast.am\/?p=4501","og_locale":"ru_RU","og_type":"article","og_title":"J\u2019ai embauch\u00e9 une aide-soignante pour mon p\u00e8re \u00e2g\u00e9, puis il m\u2019a dit : \u201cElle n\u2019est pas celle qu\u2019elle pr\u00e9tend \u00eatre\u201d - MediaPast.am","og_description":"Quand mon p\u00e8re a atteint ses derni\u00e8res ann\u00e9es et avait besoin d\u2019aide suppl\u00e9mentaire \u00e0 la maison, j\u2019ai embauch\u00e9 une aide-soignante pour all\u00e9ger son fardeau. &nbsp; Cela \u00e9tait cens\u00e9 lui apporter du confort et me donner la tranquillit\u00e9 d\u2019esprit. Mais au lieu de cela, cela n\u2019a apport\u00e9 que de l\u2019inqui\u00e9tude, culminant avec un moment qui a [&hellip;]","og_url":"https:\/\/mediapast.am\/?p=4501","og_site_name":"MediaPast.am","article_published_time":"2025-04-19T16:24:47+00:00","og_image":[{"width":738,"height":913,"url":"https:\/\/mediapast.am\/wp-content\/uploads\/2025\/04\/FB_IMG_1745079769606.jpg","type":"image\/jpeg"}],"author":"admin","twitter_card":"summary_large_image","twitter_misc":{"\u041d\u0430\u043f\u0438\u0441\u0430\u043d\u043e \u0430\u0432\u0442\u043e\u0440\u043e\u043c":"admin","\u041f\u0440\u0438\u043c\u0435\u0440\u043d\u043e\u0435 \u0432\u0440\u0435\u043c\u044f \u0434\u043b\u044f \u0447\u0442\u0435\u043d\u0438\u044f":"7 \u043c\u0438\u043d\u0443\u0442"},"schema":{"@context":"https:\/\/schema.org","@graph":[{"@type":"WebPage","@id":"https:\/\/mediapast.am\/?p=4501","url":"https:\/\/mediapast.am\/?p=4501","name":"J\u2019ai embauch\u00e9 une aide-soignante pour mon p\u00e8re \u00e2g\u00e9, puis il m\u2019a dit : \u201cElle n\u2019est pas celle qu\u2019elle pr\u00e9tend \u00eatre\u201d - MediaPast.am","isPartOf":{"@id":"https:\/\/mediapast.am\/#website"},"primaryImageOfPage":{"@id":"https:\/\/mediapast.am\/?p=4501#primaryimage"},"image":{"@id":"https:\/\/mediapast.am\/?p=4501#primaryimage"},"thumbnailUrl":"https:\/\/mediapast.am\/wp-content\/uploads\/2025\/04\/FB_IMG_1745079769606.jpg","datePublished":"2025-04-19T16:24:47+00:00","dateModified":"2025-04-19T16:24:47+00:00","author":{"@id":"https:\/\/mediapast.am\/#\/schema\/person\/21d1d2ab6ead53843e98dac9c026ce3b"},"breadcrumb":{"@id":"https:\/\/mediapast.am\/?p=4501#breadcrumb"},"inLanguage":"ru-RU","potentialAction":[{"@type":"ReadAction","target":["https:\/\/mediapast.am\/?p=4501"]}]},{"@type":"ImageObject","inLanguage":"ru-RU","@id":"https:\/\/mediapast.am\/?p=4501#primaryimage","url":"https:\/\/mediapast.am\/wp-content\/uploads\/2025\/04\/FB_IMG_1745079769606.jpg","contentUrl":"https:\/\/mediapast.am\/wp-content\/uploads\/2025\/04\/FB_IMG_1745079769606.jpg","width":738,"height":913},{"@type":"BreadcrumbList","@id":"https:\/\/mediapast.am\/?p=4501#breadcrumb","itemListElement":[{"@type":"ListItem","position":1,"name":"\u0413\u043b\u0430\u0432\u043d\u0430\u044f \u0441\u0442\u0440\u0430\u043d\u0438\u0446\u0430","item":"https:\/\/mediapast.am\/"},{"@type":"ListItem","position":2,"name":"J\u2019ai embauch\u00e9 une aide-soignante pour mon p\u00e8re \u00e2g\u00e9, puis il m\u2019a dit : \u201cElle n\u2019est pas celle qu\u2019elle pr\u00e9tend \u00eatre\u201d"}]},{"@type":"WebSite","@id":"https:\/\/mediapast.am\/#website","url":"https:\/\/mediapast.am\/","name":"MediaPast.am","description":"","potentialAction":[{"@type":"SearchAction","target":{"@type":"EntryPoint","urlTemplate":"https:\/\/mediapast.am\/?s={search_term_string}"},"query-input":{"@type":"PropertyValueSpecification","valueRequired":true,"valueName":"search_term_string"}}],"inLanguage":"ru-RU"},{"@type":"Person","@id":"https:\/\/mediapast.am\/#\/schema\/person\/21d1d2ab6ead53843e98dac9c026ce3b","name":"admin","image":{"@type":"ImageObject","inLanguage":"ru-RU","@id":"https:\/\/mediapast.am\/#\/schema\/person\/image\/","url":"https:\/\/secure.gravatar.com\/avatar\/33bf6e6e13725f8b5d5c45e3d055fa53?s=96&d=mm&r=g","contentUrl":"https:\/\/secure.gravatar.com\/avatar\/33bf6e6e13725f8b5d5c45e3d055fa53?s=96&d=mm&r=g","caption":"admin"},"sameAs":["http:\/\/mediapast.am"],"url":"https:\/\/mediapast.am\/?author=1"}]}},"_links":{"self":[{"href":"https:\/\/mediapast.am\/index.php?rest_route=\/wp\/v2\/posts\/4501"}],"collection":[{"href":"https:\/\/mediapast.am\/index.php?rest_route=\/wp\/v2\/posts"}],"about":[{"href":"https:\/\/mediapast.am\/index.php?rest_route=\/wp\/v2\/types\/post"}],"author":[{"embeddable":true,"href":"https:\/\/mediapast.am\/index.php?rest_route=\/wp\/v2\/users\/1"}],"replies":[{"embeddable":true,"href":"https:\/\/mediapast.am\/index.php?rest_route=%2Fwp%2Fv2%2Fcomments&post=4501"}],"version-history":[{"count":1,"href":"https:\/\/mediapast.am\/index.php?rest_route=\/wp\/v2\/posts\/4501\/revisions"}],"predecessor-version":[{"id":4504,"href":"https:\/\/mediapast.am\/index.php?rest_route=\/wp\/v2\/posts\/4501\/revisions\/4504"}],"wp:featuredmedia":[{"embeddable":true,"href":"https:\/\/mediapast.am\/index.php?rest_route=\/wp\/v2\/media\/4502"}],"wp:attachment":[{"href":"https:\/\/mediapast.am\/index.php?rest_route=%2Fwp%2Fv2%2Fmedia&parent=4501"}],"wp:term":[{"taxonomy":"category","embeddable":true,"href":"https:\/\/mediapast.am\/index.php?rest_route=%2Fwp%2Fv2%2Fcategories&post=4501"},{"taxonomy":"post_tag","embeddable":true,"href":"https:\/\/mediapast.am\/index.php?rest_route=%2Fwp%2Fv2%2Ftags&post=4501"}],"curies":[{"name":"wp","href":"https:\/\/api.w.org\/{rel}","templated":true}]}}