{"id":4027,"date":"2025-03-28T12:53:47","date_gmt":"2025-03-28T09:53:47","guid":{"rendered":"https:\/\/mediapast.am\/?p=4027"},"modified":"2025-03-28T12:53:47","modified_gmt":"2025-03-28T09:53:47","slug":"a-86-ans-la-star-a-vieilli-et-est-desormais-completement-meconnaissable-vous-ne-croirez-pas-qui-il-est","status":"publish","type":"post","link":"https:\/\/mediapast.am\/?p=4027","title":{"rendered":"\u00c0 86 ans, la star a vieilli et est d\u00e9sormais compl\u00e8tement m\u00e9connaissable \u2013 vous ne croirez pas qui il est."},"content":{"rendered":"<p>Le temps est impitoyable, autrefois belle actrice, elle est maintenant m\u00e9connaissable \u2764 Mastroianni, Delon et Belmondo \u00e9taient fous d\u2019elle \ud83e\udd7a Des photos rares de la l\u00e9gende du cin\u00e9ma italien de 86 ans ont refait surface \ud83d\ude32 Vous ne croirez pas qui elle est\u2026<\/p>\n<p>&nbsp;<\/p>\n<p>Claudia Cardinale, actrice \u00e9ternelle et charmante, a r\u00e9cemment c\u00e9l\u00e9br\u00e9 son 86e anniversaire, atteignant ainsi une \u00e9tape importante dans sa brillante carri\u00e8re.<\/p>\n<p>Bien que de nombreux fans se souviennent encore d\u2019elle comme une belle jeune femme, il est vrai que tout le monde, y compris les stars, vieillit, et c\u2019est ainsi.<\/p>\n<p>&nbsp;<\/p>\n<p>86<\/p>\n<p>&nbsp;<\/p>\n<p>\u041c\u0430\u0441\u0442\u0440\u043e\u044f\u043d\u043d\u0438, \u0414\u0435\u043b\u043e\u043d \u0438 \u0411\u0435\u043b\u043c\u043e\u043d\u0434\u043e \u0432\u043e\u0441\u0445\u0438\u0449\u0430\u043b\u0438\u0441\u044c \u0435\u0451 \u043a\u0440\u0430\u0441\u043e\u0442\u043e\u0439, 86-\u043b\u0435\u0442\u043d\u044f\u044f \u0437\u0432\u0435\u0437\u0434\u0430 \u043f\u043e\u0441\u0442\u0430\u0440\u0435\u043b\u0430 \u0438 \u0442\u0435\u043f\u0435\u0440\u044c \u0441\u043e\u0432\u0435\u0440\u0448\u0435\u043d\u043d\u043e \u043d\u0435\u0443\u0437\u043d\u0430\u0432\u0430\u0435\u043c\u0430: \u0432\u044b \u043d\u0435 \u043f\u043e\u0432\u0435\u0440\u0438\u0442\u0435 \u043a\u0442\u043e \u043e\u043d\u0430<\/p>\n<p>&nbsp;<\/p>\n<p>L\u2019apparence r\u00e9cente de Claudia Cardinale a suscit\u00e9 des discussions et de l\u2019admiration en ligne. Certains expriment leur nostalgie pour l\u2019\u00e9poque o\u00f9 de nombreuses belles actrices ravissaient le public et restaient dans la m\u00e9moire des fans avec leur jeune apparence.<\/p>\n<p>&nbsp;<\/p>\n<p>Des commentaires comme \u00ab Elle a l\u2019air magnifique pour son \u00e2ge \u00bb et \u00ab Claudia \u00e9tait et reste une beaut\u00e9 \u00bb refl\u00e8tent l\u2019admiration continue pour cette ic\u00f4ne.<\/p>\n<p>&nbsp;<\/p>\n<p>\u041c\u0430\u0441\u0442\u0440\u043e\u044f\u043d\u043d\u0438, \u0414\u0435\u043b\u043e\u043d \u0438 \u0411\u0435\u043b\u043c\u043e\u043d\u0434\u043e \u0432\u043e\u0441\u0445\u0438\u0449\u0430\u043b\u0438\u0441\u044c \u0435\u0451 \u043a\u0440\u0430\u0441\u043e\u0442\u043e\u0439, 86-\u043b\u0435\u0442\u043d\u044f\u044f \u0437\u0432\u0435\u0437\u0434\u0430 \u043f\u043e\u0441\u0442\u0430\u0440\u0435\u043b\u0430 \u0438 \u0442\u0435\u043f\u0435\u0440\u044c \u0441\u043e\u0432\u0435\u0440\u0448\u0435\u043d\u043d\u043e \u043d\u0435\u0443\u0437\u043d\u0430\u0432\u0430\u0435\u043c\u0430: \u0432\u044b \u043d\u0435 \u043f\u043e\u0432\u0435\u0440\u0438\u0442\u0435 \u043a\u0442\u043e \u043e\u043d\u0430<\/p>\n<p>Malgr\u00e9 le passage du temps, les derni\u00e8res photos de Claudia Cardinale inspirent une reconnaissance pour son \u00e9l\u00e9gance constante et son charme \u00e9ternel. Les fans se souviennent de son r\u00f4le comme muse d\u2019Alain Delon et ont du mal \u00e0 croire \u00e0 la rapidit\u00e9 avec laquelle les ann\u00e9es ont pass\u00e9<\/p>\n<p>Les commentaires transmettent un m\u00e9lange de nostalgie, de v\u00e9n\u00e9ration et de respect pour l\u2019actrice l\u00e9gendaire qui a laiss\u00e9 une empreinte ind\u00e9l\u00e9bile dans le cin\u00e9ma italien.<\/p>\n<p>&nbsp;<\/p>\n<p>\u041c\u0430\u0441\u0442\u0440\u043e\u044f\u043d\u043d\u0438, \u0414\u0435\u043b\u043e\u043d \u0438 \u0411\u0435\u043b\u043c\u043e\u043d\u0434\u043e \u0432\u043e\u0441\u0445\u0438\u0449\u0430\u043b\u0438\u0441\u044c \u0435\u0451 \u043a\u0440\u0430\u0441\u043e\u0442\u043e\u0439, 86-\u043b\u0435\u0442\u043d\u044f\u044f \u0437\u0432\u0435\u0437\u0434\u0430 \u043f\u043e\u0441\u0442\u0430\u0440\u0435\u043b\u0430 \u0438 \u0442\u0435\u043f\u0435\u0440\u044c \u0441\u043e\u0432\u0435\u0440\u0448\u0435\u043d\u043d\u043e \u043d\u0435\u0443\u0437\u043d\u0430\u0432\u0430\u0435\u043c\u0430: \u0432\u044b \u043d\u0435 \u043f\u043e\u0432\u0435\u0440\u0438\u0442\u0435 \u043a\u0442\u043e \u043e\u043d\u0430<\/p>\n<p>&nbsp;<\/p>\n<p>Acceptez-le, l\u2019actrice a fi\u00e8re allure pour son \u00e2ge.<\/p>\n<p>Bien que Claudia Cardinale continue de captiver les spectateurs, son h\u00e9ritage est le t\u00e9moignage du charme durable du cin\u00e9ma classique.<\/p>\n<p>&nbsp;<\/p>\n<p>\u041c\u0430\u0441\u0442\u0440\u043e\u044f\u043d\u043d\u0438, \u0414\u0435\u043b\u043e\u043d \u0438 \u0411\u0435\u043b\u043c\u043e\u043d\u0434\u043e \u0432\u043e\u0441\u0445\u0438\u0449\u0430\u043b\u0438\u0441\u044c \u0435\u0451 \u043a\u0440\u0430\u0441\u043e\u0442\u043e\u0439, 86-\u043b\u0435\u0442\u043d\u044f\u044f \u0437\u0432\u0435\u0437\u0434\u0430 \u043f\u043e\u0441\u0442\u0430\u0440\u0435\u043b\u0430 \u0438 \u0442\u0435\u043f\u0435\u0440\u044c \u0441\u043e\u0432\u0435\u0440\u0448\u0435\u043d\u043d\u043e \u043d\u0435\u0443\u0437\u043d\u0430\u0432\u0430\u0435\u043c\u0430: \u0432\u044b \u043d\u0435 \u043f\u043e\u0432\u0435\u0440\u0438\u0442\u0435 \u043a\u0442\u043e \u043e\u043d\u0430<\/p>\n<p>&nbsp;<\/p>\n<p>Qu\u2019en pensez-vous du changement d\u2019apparence de Claudia Cardinale et de son influence sur le monde du cin\u00e9ma ? Il est vrai qu\u2019on ne la reconna\u00eet plus.<\/p>\n<p>&nbsp;<\/p>\n","protected":false},"excerpt":{"rendered":"<p>Le temps est impitoyable, autrefois belle actrice, elle est maintenant m\u00e9connaissable \u2764 Mastroianni, Delon et Belmondo \u00e9taient fous d\u2019elle \ud83e\udd7a Des photos rares de la l\u00e9gende du cin\u00e9ma italien de 86 ans ont refait surface \ud83d\ude32 Vous ne croirez pas qui elle est\u2026 &nbsp; Claudia Cardinale, actrice \u00e9ternelle et charmante, a r\u00e9cemment c\u00e9l\u00e9br\u00e9 son 86e [&hellip;]<\/p>\n","protected":false},"author":1,"featured_media":4028,"comment_status":"open","ping_status":"open","sticky":false,"template":"","format":"standard","meta":{"inline_featured_image":false,"footnotes":""},"categories":[1],"tags":[],"class_list":["post-4027","post","type-post","status-publish","format-standard","has-post-thumbnail","","category-1"],"yoast_head":"<!-- This site is optimized with the Yoast SEO plugin v23.7 - https:\/\/yoast.com\/wordpress\/plugins\/seo\/ -->\n<title>\u00c0 86 ans, la star a vieilli et est d\u00e9sormais compl\u00e8tement m\u00e9connaissable \u2013 vous ne croirez pas qui il est. - MediaPast.am<\/title>\n<meta name=\"robots\" content=\"index, follow, max-snippet:-1, max-image-preview:large, max-video-preview:-1\" \/>\n<link rel=\"canonical\" href=\"https:\/\/mediapast.am\/?p=4027\" \/>\n<meta property=\"og:locale\" content=\"ru_RU\" \/>\n<meta property=\"og:type\" content=\"article\" \/>\n<meta property=\"og:title\" content=\"\u00c0 86 ans, la star a vieilli et est d\u00e9sormais compl\u00e8tement m\u00e9connaissable \u2013 vous ne croirez pas qui il est. - MediaPast.am\" \/>\n<meta property=\"og:description\" content=\"Le temps est impitoyable, autrefois belle actrice, elle est maintenant m\u00e9connaissable \u2764 Mastroianni, Delon et Belmondo \u00e9taient fous d\u2019elle \ud83e\udd7a Des photos rares de la l\u00e9gende du cin\u00e9ma italien de 86 ans ont refait surface \ud83d\ude32 Vous ne croirez pas qui elle est\u2026 &nbsp; Claudia Cardinale, actrice \u00e9ternelle et charmante, a r\u00e9cemment c\u00e9l\u00e9br\u00e9 son 86e [&hellip;]\" \/>\n<meta property=\"og:url\" content=\"https:\/\/mediapast.am\/?p=4027\" \/>\n<meta property=\"og:site_name\" content=\"MediaPast.am\" \/>\n<meta property=\"article:published_time\" content=\"2025-03-28T09:53:47+00:00\" \/>\n<meta property=\"og:image\" content=\"https:\/\/mediapast.am\/wp-content\/uploads\/2025\/03\/86amya-800x400-1.jpeg\" \/>\n\t<meta property=\"og:image:width\" content=\"800\" \/>\n\t<meta property=\"og:image:height\" content=\"400\" \/>\n\t<meta property=\"og:image:type\" content=\"image\/jpeg\" \/>\n<meta name=\"author\" content=\"admin\" \/>\n<meta name=\"twitter:card\" content=\"summary_large_image\" \/>\n<meta name=\"twitter:label1\" content=\"\u041d\u0430\u043f\u0438\u0441\u0430\u043d\u043e \u0430\u0432\u0442\u043e\u0440\u043e\u043c\" \/>\n\t<meta name=\"twitter:data1\" content=\"admin\" \/>\n\t<meta name=\"twitter:label2\" content=\"\u041f\u0440\u0438\u043c\u0435\u0440\u043d\u043e\u0435 \u0432\u0440\u0435\u043c\u044f \u0434\u043b\u044f \u0447\u0442\u0435\u043d\u0438\u044f\" \/>\n\t<meta name=\"twitter:data2\" content=\"3 \u043c\u0438\u043d\u0443\u0442\u044b\" \/>\n<script type=\"application\/ld+json\" class=\"yoast-schema-graph\">{\"@context\":\"https:\/\/schema.org\",\"@graph\":[{\"@type\":\"WebPage\",\"@id\":\"https:\/\/mediapast.am\/?p=4027\",\"url\":\"https:\/\/mediapast.am\/?p=4027\",\"name\":\"\u00c0 86 ans, la star a vieilli et est d\u00e9sormais compl\u00e8tement m\u00e9connaissable \u2013 vous ne croirez pas qui il est. - MediaPast.am\",\"isPartOf\":{\"@id\":\"https:\/\/mediapast.am\/#website\"},\"primaryImageOfPage\":{\"@id\":\"https:\/\/mediapast.am\/?p=4027#primaryimage\"},\"image\":{\"@id\":\"https:\/\/mediapast.am\/?p=4027#primaryimage\"},\"thumbnailUrl\":\"https:\/\/mediapast.am\/wp-content\/uploads\/2025\/03\/86amya-800x400-1.jpeg\",\"datePublished\":\"2025-03-28T09:53:47+00:00\",\"dateModified\":\"2025-03-28T09:53:47+00:00\",\"author\":{\"@id\":\"https:\/\/mediapast.am\/#\/schema\/person\/21d1d2ab6ead53843e98dac9c026ce3b\"},\"breadcrumb\":{\"@id\":\"https:\/\/mediapast.am\/?p=4027#breadcrumb\"},\"inLanguage\":\"ru-RU\",\"potentialAction\":[{\"@type\":\"ReadAction\",\"target\":[\"https:\/\/mediapast.am\/?p=4027\"]}]},{\"@type\":\"ImageObject\",\"inLanguage\":\"ru-RU\",\"@id\":\"https:\/\/mediapast.am\/?p=4027#primaryimage\",\"url\":\"https:\/\/mediapast.am\/wp-content\/uploads\/2025\/03\/86amya-800x400-1.jpeg\",\"contentUrl\":\"https:\/\/mediapast.am\/wp-content\/uploads\/2025\/03\/86amya-800x400-1.jpeg\",\"width\":800,\"height\":400},{\"@type\":\"BreadcrumbList\",\"@id\":\"https:\/\/mediapast.am\/?p=4027#breadcrumb\",\"itemListElement\":[{\"@type\":\"ListItem\",\"position\":1,\"name\":\"\u0413\u043b\u0430\u0432\u043d\u0430\u044f \u0441\u0442\u0440\u0430\u043d\u0438\u0446\u0430\",\"item\":\"https:\/\/mediapast.am\/\"},{\"@type\":\"ListItem\",\"position\":2,\"name\":\"\u00c0 86 ans, la star a vieilli et est d\u00e9sormais compl\u00e8tement m\u00e9connaissable \u2013 vous ne croirez pas qui il est.\"}]},{\"@type\":\"WebSite\",\"@id\":\"https:\/\/mediapast.am\/#website\",\"url\":\"https:\/\/mediapast.am\/\",\"name\":\"MediaPast.am\",\"description\":\"\",\"potentialAction\":[{\"@type\":\"SearchAction\",\"target\":{\"@type\":\"EntryPoint\",\"urlTemplate\":\"https:\/\/mediapast.am\/?s={search_term_string}\"},\"query-input\":{\"@type\":\"PropertyValueSpecification\",\"valueRequired\":true,\"valueName\":\"search_term_string\"}}],\"inLanguage\":\"ru-RU\"},{\"@type\":\"Person\",\"@id\":\"https:\/\/mediapast.am\/#\/schema\/person\/21d1d2ab6ead53843e98dac9c026ce3b\",\"name\":\"admin\",\"image\":{\"@type\":\"ImageObject\",\"inLanguage\":\"ru-RU\",\"@id\":\"https:\/\/mediapast.am\/#\/schema\/person\/image\/\",\"url\":\"https:\/\/secure.gravatar.com\/avatar\/33bf6e6e13725f8b5d5c45e3d055fa53?s=96&d=mm&r=g\",\"contentUrl\":\"https:\/\/secure.gravatar.com\/avatar\/33bf6e6e13725f8b5d5c45e3d055fa53?s=96&d=mm&r=g\",\"caption\":\"admin\"},\"sameAs\":[\"http:\/\/mediapast.am\"],\"url\":\"https:\/\/mediapast.am\/?author=1\"}]}<\/script>\n<!-- \/ Yoast SEO plugin. -->","yoast_head_json":{"title":"\u00c0 86 ans, la star a vieilli et est d\u00e9sormais compl\u00e8tement m\u00e9connaissable \u2013 vous ne croirez pas qui il est. - MediaPast.am","robots":{"index":"index","follow":"follow","max-snippet":"max-snippet:-1","max-image-preview":"max-image-preview:large","max-video-preview":"max-video-preview:-1"},"canonical":"https:\/\/mediapast.am\/?p=4027","og_locale":"ru_RU","og_type":"article","og_title":"\u00c0 86 ans, la star a vieilli et est d\u00e9sormais compl\u00e8tement m\u00e9connaissable \u2013 vous ne croirez pas qui il est. - MediaPast.am","og_description":"Le temps est impitoyable, autrefois belle actrice, elle est maintenant m\u00e9connaissable \u2764 Mastroianni, Delon et Belmondo \u00e9taient fous d\u2019elle \ud83e\udd7a Des photos rares de la l\u00e9gende du cin\u00e9ma italien de 86 ans ont refait surface \ud83d\ude32 Vous ne croirez pas qui elle est\u2026 &nbsp; Claudia Cardinale, actrice \u00e9ternelle et charmante, a r\u00e9cemment c\u00e9l\u00e9br\u00e9 son 86e [&hellip;]","og_url":"https:\/\/mediapast.am\/?p=4027","og_site_name":"MediaPast.am","article_published_time":"2025-03-28T09:53:47+00:00","og_image":[{"width":800,"height":400,"url":"https:\/\/mediapast.am\/wp-content\/uploads\/2025\/03\/86amya-800x400-1.jpeg","type":"image\/jpeg"}],"author":"admin","twitter_card":"summary_large_image","twitter_misc":{"\u041d\u0430\u043f\u0438\u0441\u0430\u043d\u043e \u0430\u0432\u0442\u043e\u0440\u043e\u043c":"admin","\u041f\u0440\u0438\u043c\u0435\u0440\u043d\u043e\u0435 \u0432\u0440\u0435\u043c\u044f \u0434\u043b\u044f \u0447\u0442\u0435\u043d\u0438\u044f":"3 \u043c\u0438\u043d\u0443\u0442\u044b"},"schema":{"@context":"https:\/\/schema.org","@graph":[{"@type":"WebPage","@id":"https:\/\/mediapast.am\/?p=4027","url":"https:\/\/mediapast.am\/?p=4027","name":"\u00c0 86 ans, la star a vieilli et est d\u00e9sormais compl\u00e8tement m\u00e9connaissable \u2013 vous ne croirez pas qui il est. - MediaPast.am","isPartOf":{"@id":"https:\/\/mediapast.am\/#website"},"primaryImageOfPage":{"@id":"https:\/\/mediapast.am\/?p=4027#primaryimage"},"image":{"@id":"https:\/\/mediapast.am\/?p=4027#primaryimage"},"thumbnailUrl":"https:\/\/mediapast.am\/wp-content\/uploads\/2025\/03\/86amya-800x400-1.jpeg","datePublished":"2025-03-28T09:53:47+00:00","dateModified":"2025-03-28T09:53:47+00:00","author":{"@id":"https:\/\/mediapast.am\/#\/schema\/person\/21d1d2ab6ead53843e98dac9c026ce3b"},"breadcrumb":{"@id":"https:\/\/mediapast.am\/?p=4027#breadcrumb"},"inLanguage":"ru-RU","potentialAction":[{"@type":"ReadAction","target":["https:\/\/mediapast.am\/?p=4027"]}]},{"@type":"ImageObject","inLanguage":"ru-RU","@id":"https:\/\/mediapast.am\/?p=4027#primaryimage","url":"https:\/\/mediapast.am\/wp-content\/uploads\/2025\/03\/86amya-800x400-1.jpeg","contentUrl":"https:\/\/mediapast.am\/wp-content\/uploads\/2025\/03\/86amya-800x400-1.jpeg","width":800,"height":400},{"@type":"BreadcrumbList","@id":"https:\/\/mediapast.am\/?p=4027#breadcrumb","itemListElement":[{"@type":"ListItem","position":1,"name":"\u0413\u043b\u0430\u0432\u043d\u0430\u044f \u0441\u0442\u0440\u0430\u043d\u0438\u0446\u0430","item":"https:\/\/mediapast.am\/"},{"@type":"ListItem","position":2,"name":"\u00c0 86 ans, la star a vieilli et est d\u00e9sormais compl\u00e8tement m\u00e9connaissable \u2013 vous ne croirez pas qui il est."}]},{"@type":"WebSite","@id":"https:\/\/mediapast.am\/#website","url":"https:\/\/mediapast.am\/","name":"MediaPast.am","description":"","potentialAction":[{"@type":"SearchAction","target":{"@type":"EntryPoint","urlTemplate":"https:\/\/mediapast.am\/?s={search_term_string}"},"query-input":{"@type":"PropertyValueSpecification","valueRequired":true,"valueName":"search_term_string"}}],"inLanguage":"ru-RU"},{"@type":"Person","@id":"https:\/\/mediapast.am\/#\/schema\/person\/21d1d2ab6ead53843e98dac9c026ce3b","name":"admin","image":{"@type":"ImageObject","inLanguage":"ru-RU","@id":"https:\/\/mediapast.am\/#\/schema\/person\/image\/","url":"https:\/\/secure.gravatar.com\/avatar\/33bf6e6e13725f8b5d5c45e3d055fa53?s=96&d=mm&r=g","contentUrl":"https:\/\/secure.gravatar.com\/avatar\/33bf6e6e13725f8b5d5c45e3d055fa53?s=96&d=mm&r=g","caption":"admin"},"sameAs":["http:\/\/mediapast.am"],"url":"https:\/\/mediapast.am\/?author=1"}]}},"_links":{"self":[{"href":"https:\/\/mediapast.am\/index.php?rest_route=\/wp\/v2\/posts\/4027"}],"collection":[{"href":"https:\/\/mediapast.am\/index.php?rest_route=\/wp\/v2\/posts"}],"about":[{"href":"https:\/\/mediapast.am\/index.php?rest_route=\/wp\/v2\/types\/post"}],"author":[{"embeddable":true,"href":"https:\/\/mediapast.am\/index.php?rest_route=\/wp\/v2\/users\/1"}],"replies":[{"embeddable":true,"href":"https:\/\/mediapast.am\/index.php?rest_route=%2Fwp%2Fv2%2Fcomments&post=4027"}],"version-history":[{"count":1,"href":"https:\/\/mediapast.am\/index.php?rest_route=\/wp\/v2\/posts\/4027\/revisions"}],"predecessor-version":[{"id":4029,"href":"https:\/\/mediapast.am\/index.php?rest_route=\/wp\/v2\/posts\/4027\/revisions\/4029"}],"wp:featuredmedia":[{"embeddable":true,"href":"https:\/\/mediapast.am\/index.php?rest_route=\/wp\/v2\/media\/4028"}],"wp:attachment":[{"href":"https:\/\/mediapast.am\/index.php?rest_route=%2Fwp%2Fv2%2Fmedia&parent=4027"}],"wp:term":[{"taxonomy":"category","embeddable":true,"href":"https:\/\/mediapast.am\/index.php?rest_route=%2Fwp%2Fv2%2Fcategories&post=4027"},{"taxonomy":"post_tag","embeddable":true,"href":"https:\/\/mediapast.am\/index.php?rest_route=%2Fwp%2Fv2%2Ftags&post=4027"}],"curies":[{"name":"wp","href":"https:\/\/api.w.org\/{rel}","templated":true}]}}