{"id":3232,"date":"2025-02-20T08:38:33","date_gmt":"2025-02-20T05:38:33","guid":{"rendered":"https:\/\/mediapast.am\/?p=3232"},"modified":"2025-02-20T08:38:33","modified_gmt":"2025-02-20T05:38:33","slug":"lenfant-de-ben-affleck-et-jennifer-garner-revele-un-nouveau-nom-et-une-nouvelle-identite","status":"publish","type":"post","link":"https:\/\/mediapast.am\/?p=3232","title":{"rendered":"L\u2019enfant de Ben Affleck et Jennifer Garner r\u00e9v\u00e8le un nouveau nom et une nouvelle identit\u00e9"},"content":{"rendered":"<p>Un moment poignant a \u00e9t\u00e9 partag\u00e9 lors des fun\u00e9railles de William Jack Garner, le p\u00e8re de Jennifer Garner, d\u00e9c\u00e9d\u00e9 en avril 2024. Benjamin Affleck et la fille de Jennifer Garner, \u00e2g\u00e9e de 15 ans, auparavant connue sous le nom de Seraphina Rose, se sont pr\u00e9sent\u00e9s sous un nouveau nom, Fin Affleck. Ce moment \u00e9mouvant a \u00e9t\u00e9 diffus\u00e9 en direct sur la page Facebook de l\u2019\u00e9glise de Virginie-Occidentale.<\/p>\n<p>&nbsp;<\/p>\n<p>La pr\u00e9sentation de Fin a \u00e9t\u00e9 suivie d\u2019une lecture du Livre des Proverbes, chapitre 16, verset 8. V\u00eatu d\u2019un costume, d\u2019une chemise blanche et d\u2019une cravate noire, le nouveau look de Fin \u00e9tait accompagn\u00e9 d\u2019une coupe de cheveux courte. Ce moment a marqu\u00e9 une \u00e9tape importante dans le parcours de Fin, puisqu\u2019ils ont r\u00e9v\u00e9l\u00e9 publiquement leur nouveau nom et leur nouvelle identit\u00e9.<\/p>\n<p>L\u2019attention du public a \u00e9t\u00e9 attir\u00e9e par la r\u00e9v\u00e9lation du genre de Fin, d\u00e9clenchant une vague de commentaires et de r\u00e9actions. La d\u00e9cision de Fin de s\u2019identifier comme transgenre a \u00e9t\u00e9 accueillie \u00e0 la fois avec soutien et critiques. Certains ont salu\u00e9 le courage de Fin, tandis que d\u2019autres ont exprim\u00e9 leur scepticisme.<\/p>\n<p>Fin n\u2019est pas seul dans son parcours ; de nombreux enfants de c\u00e9l\u00e9brit\u00e9s ont subi des transformations identitaires similaires. L\u2019enfant de Jennifer Lopez, Emme, s\u2019est \u00e9galement identifi\u00e9e publiquement comme non binaire. Le lien entre Fin et Emme s\u2019est renforc\u00e9 au fil des ans, en particulier apr\u00e8s le mariage de Ben Affleck et Jennifer Lopez.<\/p>\n<p>En 2022, Lopez a interpr\u00e9t\u00e9 un duo surprise au gala Blue Diamond de la Fondation des Dodgers de Los Angeles, o\u00f9 elle a fait r\u00e9f\u00e9rence \u00e0 Emme en utilisant des pronoms neutres. Ces moments soulignent l\u2019acceptation et le soutien croissants dont b\u00e9n\u00e9ficient les personnes qui explorent leur identit\u00e9.<\/p>\n<p><span itemprop=\"image\" itemscope itemtype=\"https:\/\/schema.org\/ImageObject\"><img itemprop=\"url image\" loading=\"lazy\" decoding=\"async\" class=\"alignnone size-medium wp-image-3233\" src=\"https:\/\/mediapast.am\/wp-content\/uploads\/2025\/02\/FB_IMG_1740029857357-207x300.jpg\" alt=\"\" width=\"207\" height=\"300\" srcset=\"https:\/\/mediapast.am\/wp-content\/uploads\/2025\/02\/FB_IMG_1740029857357-207x300.jpg 207w, https:\/\/mediapast.am\/wp-content\/uploads\/2025\/02\/FB_IMG_1740029857357.jpg 526w\" sizes=\"(max-width: 207px) 100vw, 207px\" \/><meta itemprop=\"width\" content=\"207\"><meta itemprop=\"height\" content=\"300\"><\/span><\/p>\n<p>Alors que Fin entame ce nouveau chapitre, ils font partie d\u2019une communaut\u00e9 grandissante de jeunes qui s\u2019expriment courageusement et vivent de mani\u00e8re authentique.<\/p>\n<p>&nbsp;<\/p>\n","protected":false},"excerpt":{"rendered":"<p>Un moment poignant a \u00e9t\u00e9 partag\u00e9 lors des fun\u00e9railles de William Jack Garner, le p\u00e8re de Jennifer Garner, d\u00e9c\u00e9d\u00e9 en avril 2024. Benjamin Affleck et la fille de Jennifer Garner, \u00e2g\u00e9e de 15 ans, auparavant connue sous le nom de Seraphina Rose, se sont pr\u00e9sent\u00e9s sous un nouveau nom, Fin Affleck. Ce moment \u00e9mouvant a [&hellip;]<\/p>\n","protected":false},"author":1,"featured_media":3234,"comment_status":"open","ping_status":"open","sticky":false,"template":"","format":"standard","meta":{"inline_featured_image":false,"footnotes":""},"categories":[1],"tags":[],"class_list":["post-3232","post","type-post","status-publish","format-standard","has-post-thumbnail","","category-1"],"yoast_head":"<!-- This site is optimized with the Yoast SEO plugin v23.7 - https:\/\/yoast.com\/wordpress\/plugins\/seo\/ -->\n<title>L\u2019enfant de Ben Affleck et Jennifer Garner r\u00e9v\u00e8le un nouveau nom et une nouvelle identit\u00e9 - MediaPast.am<\/title>\n<meta name=\"robots\" content=\"index, follow, max-snippet:-1, max-image-preview:large, max-video-preview:-1\" \/>\n<link rel=\"canonical\" href=\"https:\/\/mediapast.am\/?p=3232\" \/>\n<meta property=\"og:locale\" content=\"ru_RU\" \/>\n<meta property=\"og:type\" content=\"article\" \/>\n<meta property=\"og:title\" content=\"L\u2019enfant de Ben Affleck et Jennifer Garner r\u00e9v\u00e8le un nouveau nom et une nouvelle identit\u00e9 - MediaPast.am\" \/>\n<meta property=\"og:description\" content=\"Un moment poignant a \u00e9t\u00e9 partag\u00e9 lors des fun\u00e9railles de William Jack Garner, le p\u00e8re de Jennifer Garner, d\u00e9c\u00e9d\u00e9 en avril 2024. Benjamin Affleck et la fille de Jennifer Garner, \u00e2g\u00e9e de 15 ans, auparavant connue sous le nom de Seraphina Rose, se sont pr\u00e9sent\u00e9s sous un nouveau nom, Fin Affleck. Ce moment \u00e9mouvant a [&hellip;]\" \/>\n<meta property=\"og:url\" content=\"https:\/\/mediapast.am\/?p=3232\" \/>\n<meta property=\"og:site_name\" content=\"MediaPast.am\" \/>\n<meta property=\"article:published_time\" content=\"2025-02-20T05:38:33+00:00\" \/>\n<meta property=\"og:image\" content=\"https:\/\/mediapast.am\/wp-content\/uploads\/2025\/02\/FB_IMG_1740029857357-1.jpg\" \/>\n\t<meta property=\"og:image:width\" content=\"526\" \/>\n\t<meta property=\"og:image:height\" content=\"764\" \/>\n\t<meta property=\"og:image:type\" content=\"image\/jpeg\" \/>\n<meta name=\"author\" content=\"admin\" \/>\n<meta name=\"twitter:card\" content=\"summary_large_image\" \/>\n<meta name=\"twitter:label1\" content=\"\u041d\u0430\u043f\u0438\u0441\u0430\u043d\u043e \u0430\u0432\u0442\u043e\u0440\u043e\u043c\" \/>\n\t<meta name=\"twitter:data1\" content=\"admin\" \/>\n\t<meta name=\"twitter:label2\" content=\"\u041f\u0440\u0438\u043c\u0435\u0440\u043d\u043e\u0435 \u0432\u0440\u0435\u043c\u044f \u0434\u043b\u044f \u0447\u0442\u0435\u043d\u0438\u044f\" \/>\n\t<meta name=\"twitter:data2\" content=\"2 \u043c\u0438\u043d\u0443\u0442\u044b\" \/>\n<script type=\"application\/ld+json\" class=\"yoast-schema-graph\">{\"@context\":\"https:\/\/schema.org\",\"@graph\":[{\"@type\":\"WebPage\",\"@id\":\"https:\/\/mediapast.am\/?p=3232\",\"url\":\"https:\/\/mediapast.am\/?p=3232\",\"name\":\"L\u2019enfant de Ben Affleck et Jennifer Garner r\u00e9v\u00e8le un nouveau nom et une nouvelle identit\u00e9 - MediaPast.am\",\"isPartOf\":{\"@id\":\"https:\/\/mediapast.am\/#website\"},\"primaryImageOfPage\":{\"@id\":\"https:\/\/mediapast.am\/?p=3232#primaryimage\"},\"image\":{\"@id\":\"https:\/\/mediapast.am\/?p=3232#primaryimage\"},\"thumbnailUrl\":\"https:\/\/mediapast.am\/wp-content\/uploads\/2025\/02\/FB_IMG_1740029857357-1.jpg\",\"datePublished\":\"2025-02-20T05:38:33+00:00\",\"dateModified\":\"2025-02-20T05:38:33+00:00\",\"author\":{\"@id\":\"https:\/\/mediapast.am\/#\/schema\/person\/21d1d2ab6ead53843e98dac9c026ce3b\"},\"breadcrumb\":{\"@id\":\"https:\/\/mediapast.am\/?p=3232#breadcrumb\"},\"inLanguage\":\"ru-RU\",\"potentialAction\":[{\"@type\":\"ReadAction\",\"target\":[\"https:\/\/mediapast.am\/?p=3232\"]}]},{\"@type\":\"ImageObject\",\"inLanguage\":\"ru-RU\",\"@id\":\"https:\/\/mediapast.am\/?p=3232#primaryimage\",\"url\":\"https:\/\/mediapast.am\/wp-content\/uploads\/2025\/02\/FB_IMG_1740029857357-1.jpg\",\"contentUrl\":\"https:\/\/mediapast.am\/wp-content\/uploads\/2025\/02\/FB_IMG_1740029857357-1.jpg\",\"width\":526,\"height\":764},{\"@type\":\"BreadcrumbList\",\"@id\":\"https:\/\/mediapast.am\/?p=3232#breadcrumb\",\"itemListElement\":[{\"@type\":\"ListItem\",\"position\":1,\"name\":\"\u0413\u043b\u0430\u0432\u043d\u0430\u044f \u0441\u0442\u0440\u0430\u043d\u0438\u0446\u0430\",\"item\":\"https:\/\/mediapast.am\/\"},{\"@type\":\"ListItem\",\"position\":2,\"name\":\"L\u2019enfant de Ben Affleck et Jennifer Garner r\u00e9v\u00e8le un nouveau nom et une nouvelle identit\u00e9\"}]},{\"@type\":\"WebSite\",\"@id\":\"https:\/\/mediapast.am\/#website\",\"url\":\"https:\/\/mediapast.am\/\",\"name\":\"MediaPast.am\",\"description\":\"\",\"potentialAction\":[{\"@type\":\"SearchAction\",\"target\":{\"@type\":\"EntryPoint\",\"urlTemplate\":\"https:\/\/mediapast.am\/?s={search_term_string}\"},\"query-input\":{\"@type\":\"PropertyValueSpecification\",\"valueRequired\":true,\"valueName\":\"search_term_string\"}}],\"inLanguage\":\"ru-RU\"},{\"@type\":\"Person\",\"@id\":\"https:\/\/mediapast.am\/#\/schema\/person\/21d1d2ab6ead53843e98dac9c026ce3b\",\"name\":\"admin\",\"image\":{\"@type\":\"ImageObject\",\"inLanguage\":\"ru-RU\",\"@id\":\"https:\/\/mediapast.am\/#\/schema\/person\/image\/\",\"url\":\"https:\/\/secure.gravatar.com\/avatar\/33bf6e6e13725f8b5d5c45e3d055fa53?s=96&d=mm&r=g\",\"contentUrl\":\"https:\/\/secure.gravatar.com\/avatar\/33bf6e6e13725f8b5d5c45e3d055fa53?s=96&d=mm&r=g\",\"caption\":\"admin\"},\"sameAs\":[\"http:\/\/mediapast.am\"],\"url\":\"https:\/\/mediapast.am\/?author=1\"}]}<\/script>\n<!-- \/ Yoast SEO plugin. -->","yoast_head_json":{"title":"L\u2019enfant de Ben Affleck et Jennifer Garner r\u00e9v\u00e8le un nouveau nom et une nouvelle identit\u00e9 - MediaPast.am","robots":{"index":"index","follow":"follow","max-snippet":"max-snippet:-1","max-image-preview":"max-image-preview:large","max-video-preview":"max-video-preview:-1"},"canonical":"https:\/\/mediapast.am\/?p=3232","og_locale":"ru_RU","og_type":"article","og_title":"L\u2019enfant de Ben Affleck et Jennifer Garner r\u00e9v\u00e8le un nouveau nom et une nouvelle identit\u00e9 - MediaPast.am","og_description":"Un moment poignant a \u00e9t\u00e9 partag\u00e9 lors des fun\u00e9railles de William Jack Garner, le p\u00e8re de Jennifer Garner, d\u00e9c\u00e9d\u00e9 en avril 2024. Benjamin Affleck et la fille de Jennifer Garner, \u00e2g\u00e9e de 15 ans, auparavant connue sous le nom de Seraphina Rose, se sont pr\u00e9sent\u00e9s sous un nouveau nom, Fin Affleck. Ce moment \u00e9mouvant a [&hellip;]","og_url":"https:\/\/mediapast.am\/?p=3232","og_site_name":"MediaPast.am","article_published_time":"2025-02-20T05:38:33+00:00","og_image":[{"width":526,"height":764,"url":"https:\/\/mediapast.am\/wp-content\/uploads\/2025\/02\/FB_IMG_1740029857357-1.jpg","type":"image\/jpeg"}],"author":"admin","twitter_card":"summary_large_image","twitter_misc":{"\u041d\u0430\u043f\u0438\u0441\u0430\u043d\u043e \u0430\u0432\u0442\u043e\u0440\u043e\u043c":"admin","\u041f\u0440\u0438\u043c\u0435\u0440\u043d\u043e\u0435 \u0432\u0440\u0435\u043c\u044f \u0434\u043b\u044f \u0447\u0442\u0435\u043d\u0438\u044f":"2 \u043c\u0438\u043d\u0443\u0442\u044b"},"schema":{"@context":"https:\/\/schema.org","@graph":[{"@type":"WebPage","@id":"https:\/\/mediapast.am\/?p=3232","url":"https:\/\/mediapast.am\/?p=3232","name":"L\u2019enfant de Ben Affleck et Jennifer Garner r\u00e9v\u00e8le un nouveau nom et une nouvelle identit\u00e9 - MediaPast.am","isPartOf":{"@id":"https:\/\/mediapast.am\/#website"},"primaryImageOfPage":{"@id":"https:\/\/mediapast.am\/?p=3232#primaryimage"},"image":{"@id":"https:\/\/mediapast.am\/?p=3232#primaryimage"},"thumbnailUrl":"https:\/\/mediapast.am\/wp-content\/uploads\/2025\/02\/FB_IMG_1740029857357-1.jpg","datePublished":"2025-02-20T05:38:33+00:00","dateModified":"2025-02-20T05:38:33+00:00","author":{"@id":"https:\/\/mediapast.am\/#\/schema\/person\/21d1d2ab6ead53843e98dac9c026ce3b"},"breadcrumb":{"@id":"https:\/\/mediapast.am\/?p=3232#breadcrumb"},"inLanguage":"ru-RU","potentialAction":[{"@type":"ReadAction","target":["https:\/\/mediapast.am\/?p=3232"]}]},{"@type":"ImageObject","inLanguage":"ru-RU","@id":"https:\/\/mediapast.am\/?p=3232#primaryimage","url":"https:\/\/mediapast.am\/wp-content\/uploads\/2025\/02\/FB_IMG_1740029857357-1.jpg","contentUrl":"https:\/\/mediapast.am\/wp-content\/uploads\/2025\/02\/FB_IMG_1740029857357-1.jpg","width":526,"height":764},{"@type":"BreadcrumbList","@id":"https:\/\/mediapast.am\/?p=3232#breadcrumb","itemListElement":[{"@type":"ListItem","position":1,"name":"\u0413\u043b\u0430\u0432\u043d\u0430\u044f \u0441\u0442\u0440\u0430\u043d\u0438\u0446\u0430","item":"https:\/\/mediapast.am\/"},{"@type":"ListItem","position":2,"name":"L\u2019enfant de Ben Affleck et Jennifer Garner r\u00e9v\u00e8le un nouveau nom et une nouvelle identit\u00e9"}]},{"@type":"WebSite","@id":"https:\/\/mediapast.am\/#website","url":"https:\/\/mediapast.am\/","name":"MediaPast.am","description":"","potentialAction":[{"@type":"SearchAction","target":{"@type":"EntryPoint","urlTemplate":"https:\/\/mediapast.am\/?s={search_term_string}"},"query-input":{"@type":"PropertyValueSpecification","valueRequired":true,"valueName":"search_term_string"}}],"inLanguage":"ru-RU"},{"@type":"Person","@id":"https:\/\/mediapast.am\/#\/schema\/person\/21d1d2ab6ead53843e98dac9c026ce3b","name":"admin","image":{"@type":"ImageObject","inLanguage":"ru-RU","@id":"https:\/\/mediapast.am\/#\/schema\/person\/image\/","url":"https:\/\/secure.gravatar.com\/avatar\/33bf6e6e13725f8b5d5c45e3d055fa53?s=96&d=mm&r=g","contentUrl":"https:\/\/secure.gravatar.com\/avatar\/33bf6e6e13725f8b5d5c45e3d055fa53?s=96&d=mm&r=g","caption":"admin"},"sameAs":["http:\/\/mediapast.am"],"url":"https:\/\/mediapast.am\/?author=1"}]}},"_links":{"self":[{"href":"https:\/\/mediapast.am\/index.php?rest_route=\/wp\/v2\/posts\/3232"}],"collection":[{"href":"https:\/\/mediapast.am\/index.php?rest_route=\/wp\/v2\/posts"}],"about":[{"href":"https:\/\/mediapast.am\/index.php?rest_route=\/wp\/v2\/types\/post"}],"author":[{"embeddable":true,"href":"https:\/\/mediapast.am\/index.php?rest_route=\/wp\/v2\/users\/1"}],"replies":[{"embeddable":true,"href":"https:\/\/mediapast.am\/index.php?rest_route=%2Fwp%2Fv2%2Fcomments&post=3232"}],"version-history":[{"count":2,"href":"https:\/\/mediapast.am\/index.php?rest_route=\/wp\/v2\/posts\/3232\/revisions"}],"predecessor-version":[{"id":3236,"href":"https:\/\/mediapast.am\/index.php?rest_route=\/wp\/v2\/posts\/3232\/revisions\/3236"}],"wp:featuredmedia":[{"embeddable":true,"href":"https:\/\/mediapast.am\/index.php?rest_route=\/wp\/v2\/media\/3234"}],"wp:attachment":[{"href":"https:\/\/mediapast.am\/index.php?rest_route=%2Fwp%2Fv2%2Fmedia&parent=3232"}],"wp:term":[{"taxonomy":"category","embeddable":true,"href":"https:\/\/mediapast.am\/index.php?rest_route=%2Fwp%2Fv2%2Fcategories&post=3232"},{"taxonomy":"post_tag","embeddable":true,"href":"https:\/\/mediapast.am\/index.php?rest_route=%2Fwp%2Fv2%2Ftags&post=3232"}],"curies":[{"name":"wp","href":"https:\/\/api.w.org\/{rel}","templated":true}]}}