{"id":3208,"date":"2025-02-18T22:40:28","date_gmt":"2025-02-18T19:40:28","guid":{"rendered":"https:\/\/mediapast.am\/?p=3208"},"modified":"2025-02-18T22:40:28","modified_gmt":"2025-02-18T19:40:28","slug":"les-fans-de-lacteur-ont-retenu-leur-souffle-lorsquils-ont-decouvert-qui-prenait-la-photo","status":"publish","type":"post","link":"https:\/\/mediapast.am\/?p=3208","title":{"rendered":"Les fans de l\u2019acteur ont retenu leur souffle lorsqu\u2019ils ont d\u00e9couvert qui prenait la photo."},"content":{"rendered":"<p>Les fans sont choqu\u00e9s apr\u00e8s avoir d\u00e9couvert la v\u00e9ritable identit\u00e9 de la personne sur la photo. Vous reconna\u00eetrez s\u00fbrement tous l\u2019acteur apr\u00e8s avoir vu les photos d\u2019archives de la c\u00e9l\u00e9brit\u00e9 dans les commentaires.<\/p>\n<p>La jeune g\u00e9n\u00e9ration se souvient principalement de Tim Curry, connu pour ses r\u00f4les embl\u00e9matiques, pour son interpr\u00e9tation de M. Hector dans \u00ab Home Alone \u00bb et du clown dans \u00ab It \u00bb.<\/p>\n<p>Les talents de Curry s\u2019\u00e9tendent au-del\u00e0 du cin\u00e9ma, puisqu\u2019il a pr\u00eat\u00e9 sa voix \u00e0 de nombreux personnages de dessins anim\u00e9s bien-aim\u00e9s.<\/p>\n<p>Son talent polyvalent a fait de lui un nom que tout le monde conna\u00eet. Aujourd\u2019hui \u00e2g\u00e9 de 77 ans, Curry est incapable de bouger ou de fonctionner sans assistance en raison d\u2019un accident vasculaire c\u00e9r\u00e9bral<\/p>\n","protected":false},"excerpt":{"rendered":"<p>Les fans sont choqu\u00e9s apr\u00e8s avoir d\u00e9couvert la v\u00e9ritable identit\u00e9 de la personne sur la photo. Vous reconna\u00eetrez s\u00fbrement tous l\u2019acteur apr\u00e8s avoir vu les photos d\u2019archives de la c\u00e9l\u00e9brit\u00e9 dans les commentaires. La jeune g\u00e9n\u00e9ration se souvient principalement de Tim Curry, connu pour ses r\u00f4les embl\u00e9matiques, pour son interpr\u00e9tation de M. Hector dans \u00ab [&hellip;]<\/p>\n","protected":false},"author":1,"featured_media":3209,"comment_status":"open","ping_status":"open","sticky":false,"template":"","format":"standard","meta":{"inline_featured_image":false,"footnotes":""},"categories":[1],"tags":[],"class_list":["post-3208","post","type-post","status-publish","format-standard","has-post-thumbnail","","category-1"],"yoast_head":"<!-- This site is optimized with the Yoast SEO plugin v23.7 - https:\/\/yoast.com\/wordpress\/plugins\/seo\/ -->\n<title>Les fans de l\u2019acteur ont retenu leur souffle lorsqu\u2019ils ont d\u00e9couvert qui prenait la photo. - MediaPast.am<\/title>\n<meta name=\"robots\" content=\"index, follow, max-snippet:-1, max-image-preview:large, max-video-preview:-1\" \/>\n<link rel=\"canonical\" href=\"https:\/\/mediapast.am\/?p=3208\" \/>\n<meta property=\"og:locale\" content=\"ru_RU\" \/>\n<meta property=\"og:type\" content=\"article\" \/>\n<meta property=\"og:title\" content=\"Les fans de l\u2019acteur ont retenu leur souffle lorsqu\u2019ils ont d\u00e9couvert qui prenait la photo. - MediaPast.am\" \/>\n<meta property=\"og:description\" content=\"Les fans sont choqu\u00e9s apr\u00e8s avoir d\u00e9couvert la v\u00e9ritable identit\u00e9 de la personne sur la photo. Vous reconna\u00eetrez s\u00fbrement tous l\u2019acteur apr\u00e8s avoir vu les photos d\u2019archives de la c\u00e9l\u00e9brit\u00e9 dans les commentaires. La jeune g\u00e9n\u00e9ration se souvient principalement de Tim Curry, connu pour ses r\u00f4les embl\u00e9matiques, pour son interpr\u00e9tation de M. Hector dans \u00ab [&hellip;]\" \/>\n<meta property=\"og:url\" content=\"https:\/\/mediapast.am\/?p=3208\" \/>\n<meta property=\"og:site_name\" content=\"MediaPast.am\" \/>\n<meta property=\"article:published_time\" content=\"2025-02-18T19:40:28+00:00\" \/>\n<meta property=\"og:image\" content=\"https:\/\/mediapast.am\/wp-content\/uploads\/2025\/02\/454387857_122163283166137334_3021902802453878444_n.jpg\" \/>\n\t<meta property=\"og:image:width\" content=\"526\" \/>\n\t<meta property=\"og:image:height\" content=\"800\" \/>\n\t<meta property=\"og:image:type\" content=\"image\/jpeg\" \/>\n<meta name=\"author\" content=\"admin\" \/>\n<meta name=\"twitter:card\" content=\"summary_large_image\" \/>\n<meta name=\"twitter:label1\" content=\"\u041d\u0430\u043f\u0438\u0441\u0430\u043d\u043e \u0430\u0432\u0442\u043e\u0440\u043e\u043c\" \/>\n\t<meta name=\"twitter:data1\" content=\"admin\" \/>\n\t<meta name=\"twitter:label2\" content=\"\u041f\u0440\u0438\u043c\u0435\u0440\u043d\u043e\u0435 \u0432\u0440\u0435\u043c\u044f \u0434\u043b\u044f \u0447\u0442\u0435\u043d\u0438\u044f\" \/>\n\t<meta name=\"twitter:data2\" content=\"1 \u043c\u0438\u043d\u0443\u0442\u0430\" \/>\n<script type=\"application\/ld+json\" class=\"yoast-schema-graph\">{\"@context\":\"https:\/\/schema.org\",\"@graph\":[{\"@type\":\"WebPage\",\"@id\":\"https:\/\/mediapast.am\/?p=3208\",\"url\":\"https:\/\/mediapast.am\/?p=3208\",\"name\":\"Les fans de l\u2019acteur ont retenu leur souffle lorsqu\u2019ils ont d\u00e9couvert qui prenait la photo. - MediaPast.am\",\"isPartOf\":{\"@id\":\"https:\/\/mediapast.am\/#website\"},\"primaryImageOfPage\":{\"@id\":\"https:\/\/mediapast.am\/?p=3208#primaryimage\"},\"image\":{\"@id\":\"https:\/\/mediapast.am\/?p=3208#primaryimage\"},\"thumbnailUrl\":\"https:\/\/mediapast.am\/wp-content\/uploads\/2025\/02\/454387857_122163283166137334_3021902802453878444_n.jpg\",\"datePublished\":\"2025-02-18T19:40:28+00:00\",\"dateModified\":\"2025-02-18T19:40:28+00:00\",\"author\":{\"@id\":\"https:\/\/mediapast.am\/#\/schema\/person\/21d1d2ab6ead53843e98dac9c026ce3b\"},\"breadcrumb\":{\"@id\":\"https:\/\/mediapast.am\/?p=3208#breadcrumb\"},\"inLanguage\":\"ru-RU\",\"potentialAction\":[{\"@type\":\"ReadAction\",\"target\":[\"https:\/\/mediapast.am\/?p=3208\"]}]},{\"@type\":\"ImageObject\",\"inLanguage\":\"ru-RU\",\"@id\":\"https:\/\/mediapast.am\/?p=3208#primaryimage\",\"url\":\"https:\/\/mediapast.am\/wp-content\/uploads\/2025\/02\/454387857_122163283166137334_3021902802453878444_n.jpg\",\"contentUrl\":\"https:\/\/mediapast.am\/wp-content\/uploads\/2025\/02\/454387857_122163283166137334_3021902802453878444_n.jpg\",\"width\":526,\"height\":800},{\"@type\":\"BreadcrumbList\",\"@id\":\"https:\/\/mediapast.am\/?p=3208#breadcrumb\",\"itemListElement\":[{\"@type\":\"ListItem\",\"position\":1,\"name\":\"\u0413\u043b\u0430\u0432\u043d\u0430\u044f \u0441\u0442\u0440\u0430\u043d\u0438\u0446\u0430\",\"item\":\"https:\/\/mediapast.am\/\"},{\"@type\":\"ListItem\",\"position\":2,\"name\":\"Les fans de l\u2019acteur ont retenu leur souffle lorsqu\u2019ils ont d\u00e9couvert qui prenait la photo.\"}]},{\"@type\":\"WebSite\",\"@id\":\"https:\/\/mediapast.am\/#website\",\"url\":\"https:\/\/mediapast.am\/\",\"name\":\"MediaPast.am\",\"description\":\"\",\"potentialAction\":[{\"@type\":\"SearchAction\",\"target\":{\"@type\":\"EntryPoint\",\"urlTemplate\":\"https:\/\/mediapast.am\/?s={search_term_string}\"},\"query-input\":{\"@type\":\"PropertyValueSpecification\",\"valueRequired\":true,\"valueName\":\"search_term_string\"}}],\"inLanguage\":\"ru-RU\"},{\"@type\":\"Person\",\"@id\":\"https:\/\/mediapast.am\/#\/schema\/person\/21d1d2ab6ead53843e98dac9c026ce3b\",\"name\":\"admin\",\"image\":{\"@type\":\"ImageObject\",\"inLanguage\":\"ru-RU\",\"@id\":\"https:\/\/mediapast.am\/#\/schema\/person\/image\/\",\"url\":\"https:\/\/secure.gravatar.com\/avatar\/33bf6e6e13725f8b5d5c45e3d055fa53?s=96&d=mm&r=g\",\"contentUrl\":\"https:\/\/secure.gravatar.com\/avatar\/33bf6e6e13725f8b5d5c45e3d055fa53?s=96&d=mm&r=g\",\"caption\":\"admin\"},\"sameAs\":[\"http:\/\/mediapast.am\"],\"url\":\"https:\/\/mediapast.am\/?author=1\"}]}<\/script>\n<!-- \/ Yoast SEO plugin. -->","yoast_head_json":{"title":"Les fans de l\u2019acteur ont retenu leur souffle lorsqu\u2019ils ont d\u00e9couvert qui prenait la photo. - MediaPast.am","robots":{"index":"index","follow":"follow","max-snippet":"max-snippet:-1","max-image-preview":"max-image-preview:large","max-video-preview":"max-video-preview:-1"},"canonical":"https:\/\/mediapast.am\/?p=3208","og_locale":"ru_RU","og_type":"article","og_title":"Les fans de l\u2019acteur ont retenu leur souffle lorsqu\u2019ils ont d\u00e9couvert qui prenait la photo. - MediaPast.am","og_description":"Les fans sont choqu\u00e9s apr\u00e8s avoir d\u00e9couvert la v\u00e9ritable identit\u00e9 de la personne sur la photo. Vous reconna\u00eetrez s\u00fbrement tous l\u2019acteur apr\u00e8s avoir vu les photos d\u2019archives de la c\u00e9l\u00e9brit\u00e9 dans les commentaires. La jeune g\u00e9n\u00e9ration se souvient principalement de Tim Curry, connu pour ses r\u00f4les embl\u00e9matiques, pour son interpr\u00e9tation de M. Hector dans \u00ab [&hellip;]","og_url":"https:\/\/mediapast.am\/?p=3208","og_site_name":"MediaPast.am","article_published_time":"2025-02-18T19:40:28+00:00","og_image":[{"width":526,"height":800,"url":"https:\/\/mediapast.am\/wp-content\/uploads\/2025\/02\/454387857_122163283166137334_3021902802453878444_n.jpg","type":"image\/jpeg"}],"author":"admin","twitter_card":"summary_large_image","twitter_misc":{"\u041d\u0430\u043f\u0438\u0441\u0430\u043d\u043e \u0430\u0432\u0442\u043e\u0440\u043e\u043c":"admin","\u041f\u0440\u0438\u043c\u0435\u0440\u043d\u043e\u0435 \u0432\u0440\u0435\u043c\u044f \u0434\u043b\u044f \u0447\u0442\u0435\u043d\u0438\u044f":"1 \u043c\u0438\u043d\u0443\u0442\u0430"},"schema":{"@context":"https:\/\/schema.org","@graph":[{"@type":"WebPage","@id":"https:\/\/mediapast.am\/?p=3208","url":"https:\/\/mediapast.am\/?p=3208","name":"Les fans de l\u2019acteur ont retenu leur souffle lorsqu\u2019ils ont d\u00e9couvert qui prenait la photo. - MediaPast.am","isPartOf":{"@id":"https:\/\/mediapast.am\/#website"},"primaryImageOfPage":{"@id":"https:\/\/mediapast.am\/?p=3208#primaryimage"},"image":{"@id":"https:\/\/mediapast.am\/?p=3208#primaryimage"},"thumbnailUrl":"https:\/\/mediapast.am\/wp-content\/uploads\/2025\/02\/454387857_122163283166137334_3021902802453878444_n.jpg","datePublished":"2025-02-18T19:40:28+00:00","dateModified":"2025-02-18T19:40:28+00:00","author":{"@id":"https:\/\/mediapast.am\/#\/schema\/person\/21d1d2ab6ead53843e98dac9c026ce3b"},"breadcrumb":{"@id":"https:\/\/mediapast.am\/?p=3208#breadcrumb"},"inLanguage":"ru-RU","potentialAction":[{"@type":"ReadAction","target":["https:\/\/mediapast.am\/?p=3208"]}]},{"@type":"ImageObject","inLanguage":"ru-RU","@id":"https:\/\/mediapast.am\/?p=3208#primaryimage","url":"https:\/\/mediapast.am\/wp-content\/uploads\/2025\/02\/454387857_122163283166137334_3021902802453878444_n.jpg","contentUrl":"https:\/\/mediapast.am\/wp-content\/uploads\/2025\/02\/454387857_122163283166137334_3021902802453878444_n.jpg","width":526,"height":800},{"@type":"BreadcrumbList","@id":"https:\/\/mediapast.am\/?p=3208#breadcrumb","itemListElement":[{"@type":"ListItem","position":1,"name":"\u0413\u043b\u0430\u0432\u043d\u0430\u044f \u0441\u0442\u0440\u0430\u043d\u0438\u0446\u0430","item":"https:\/\/mediapast.am\/"},{"@type":"ListItem","position":2,"name":"Les fans de l\u2019acteur ont retenu leur souffle lorsqu\u2019ils ont d\u00e9couvert qui prenait la photo."}]},{"@type":"WebSite","@id":"https:\/\/mediapast.am\/#website","url":"https:\/\/mediapast.am\/","name":"MediaPast.am","description":"","potentialAction":[{"@type":"SearchAction","target":{"@type":"EntryPoint","urlTemplate":"https:\/\/mediapast.am\/?s={search_term_string}"},"query-input":{"@type":"PropertyValueSpecification","valueRequired":true,"valueName":"search_term_string"}}],"inLanguage":"ru-RU"},{"@type":"Person","@id":"https:\/\/mediapast.am\/#\/schema\/person\/21d1d2ab6ead53843e98dac9c026ce3b","name":"admin","image":{"@type":"ImageObject","inLanguage":"ru-RU","@id":"https:\/\/mediapast.am\/#\/schema\/person\/image\/","url":"https:\/\/secure.gravatar.com\/avatar\/33bf6e6e13725f8b5d5c45e3d055fa53?s=96&d=mm&r=g","contentUrl":"https:\/\/secure.gravatar.com\/avatar\/33bf6e6e13725f8b5d5c45e3d055fa53?s=96&d=mm&r=g","caption":"admin"},"sameAs":["http:\/\/mediapast.am"],"url":"https:\/\/mediapast.am\/?author=1"}]}},"_links":{"self":[{"href":"https:\/\/mediapast.am\/index.php?rest_route=\/wp\/v2\/posts\/3208"}],"collection":[{"href":"https:\/\/mediapast.am\/index.php?rest_route=\/wp\/v2\/posts"}],"about":[{"href":"https:\/\/mediapast.am\/index.php?rest_route=\/wp\/v2\/types\/post"}],"author":[{"embeddable":true,"href":"https:\/\/mediapast.am\/index.php?rest_route=\/wp\/v2\/users\/1"}],"replies":[{"embeddable":true,"href":"https:\/\/mediapast.am\/index.php?rest_route=%2Fwp%2Fv2%2Fcomments&post=3208"}],"version-history":[{"count":1,"href":"https:\/\/mediapast.am\/index.php?rest_route=\/wp\/v2\/posts\/3208\/revisions"}],"predecessor-version":[{"id":3210,"href":"https:\/\/mediapast.am\/index.php?rest_route=\/wp\/v2\/posts\/3208\/revisions\/3210"}],"wp:featuredmedia":[{"embeddable":true,"href":"https:\/\/mediapast.am\/index.php?rest_route=\/wp\/v2\/media\/3209"}],"wp:attachment":[{"href":"https:\/\/mediapast.am\/index.php?rest_route=%2Fwp%2Fv2%2Fmedia&parent=3208"}],"wp:term":[{"taxonomy":"category","embeddable":true,"href":"https:\/\/mediapast.am\/index.php?rest_route=%2Fwp%2Fv2%2Fcategories&post=3208"},{"taxonomy":"post_tag","embeddable":true,"href":"https:\/\/mediapast.am\/index.php?rest_route=%2Fwp%2Fv2%2Ftags&post=3208"}],"curies":[{"name":"wp","href":"https:\/\/api.w.org\/{rel}","templated":true}]}}