{"id":2952,"date":"2025-02-08T07:42:59","date_gmt":"2025-02-08T04:42:59","guid":{"rendered":"https:\/\/mediapast.am\/?p=2952"},"modified":"2025-02-08T07:42:59","modified_gmt":"2025-02-08T04:42:59","slug":"je-suis-rentree-chez-moi-et-jai-trouve-ma-fille-endormie-dans-le-sous-sol-sous-lescalier-ce-quelle-ma-dit-ma-glace-le-sang","status":"publish","type":"post","link":"https:\/\/mediapast.am\/?p=2952","title":{"rendered":"Je suis rentr\u00e9e chez moi et j\u2019ai trouv\u00e9 ma fille endormie dans le sous-sol sous l\u2019escalier \u2013 Ce qu\u2019elle m\u2019a dit m\u2019a glac\u00e9 le sang"},"content":{"rendered":"<p>Les beaux-parents sont cens\u00e9s rendre la vie plus facile, n\u2019est-ce pas ? Eh bien, pas dans mon cas. Voici l\u2019histoire de la fa\u00e7on dont je me suis veng\u00e9e de Linda, qui pensait pouvoir s\u2019en tirer en traitant ma fille a\u00een\u00e9e, Tessa, comme de la merde. J\u2019ai deux filles. Tessa a 10 ans, issue de mon premier mariage. Elle est gentille, calme et essaie toujours de faire plaisir \u00e0 tout le monde. Sadie a 4 ans, issue de mon mariage avec Grant, mon mari actuel. Sadie est tout le contraire : pleine d\u2019\u00e9nergie, elle pose toujours des questions. Grant adore les deux filles, mais Linda, sa m\u00e8re, eh bien, elle a une histoire diff\u00e9rente quand il s\u2019agit de Tessa. Linda est\u2026 comment dire ? C\u2019est le genre de femme qui veut que tout paraisse parfait de l\u2019ext\u00e9rieur. Mais si vous grattez la surface, vous trouverez quelqu\u2019un plein de jugement et de froideur, surtout envers Tessa. Et le pire dans tout \u00e7a ? Tout \u00e7a parce que Tessa n\u2019est pas la \u00ab vraie \u00bb fille de Grant. Pendant des ann\u00e9es, j\u2019ai essay\u00e9 de garder la paix. \u00ab Elle est juste d\u00e9mod\u00e9e \u00bb, disait Grant. \u00ab Elle finira par changer d\u2019avis. \u00bb<\/p>\n<p>Mais elle ne l\u2019a jamais fait. Linda a fait de petites remarques \u00e0 Tessa. Tessa, Dieu la b\u00e9nisse, ne s\u2019est jamais plainte. Elle est rest\u00e9e silencieuse, pensant peut-\u00eatre que c\u2019\u00e9tait sa faute. Mais je l\u2019ai vu. Je l\u2019ai entendu. Et \u00e7a m\u2019a mis en col\u00e8re \u00e0 chaque fois. Grant ? Il ne le voyait pas comme moi. Il aimait sa m\u00e8re et pensait qu\u2019elle \u00e9tait juste bizarre. Mais je savais que ce n\u2019\u00e9tait pas le cas. Parfois, c\u2019\u00e9tait un commentaire sarcastique sur son apparence. \u00ab Oh, Tessa, cette robe est un peu trop grande pour toi, tu ne trouves pas ? \u00bb Ou alors elle faisait semblant d\u2019oublier l\u2019anniversaire de Tessa et couvrait Sadie de cadeaux. Les choses ont commenc\u00e9 \u00e0 se d\u00e9grader apr\u00e8s le d\u00e9c\u00e8s de ma m\u00e8re, et j\u2019avais l\u2019impression que le sol s\u2019\u00e9tait arrach\u00e9 sous mes pieds. Il n\u2019y avait aucun avertissement, aucune chance de dire au revoir.<\/p>\n<p>Mon c\u0153ur se brisa d\u2019une mani\u00e8re que je ne peux m\u00eame pas d\u00e9crire. J\u2019avais du mal \u00e0 respirer \u00e0 cause du chagrin. Nous devions prendre l\u2019avion pour l\u2019enterrement, ce qui \u00e9tait la derni\u00e8re chose que je pouvais supporter. Chaque minute \u00e9tait un brouillard de chagrin, mais nous devions penser aux filles. Mon esprit \u00e9tait si embrum\u00e9 par la douleur que m\u00eame la plus petite d\u00e9cision semblait impossible. Linda, de toutes les personnes, a propos\u00e9 de les surveiller pendant notre absence. C\u2019\u00e9tait la derni\u00e8re chose que je voulais. Je savais au fond de moi que Tessa ne serait pas \u00e0 l\u2019aise avec elle, et je d\u00e9testais l\u2019id\u00e9e de la laisser avec quelqu\u2019un qui ne la traiterait jamais correctement. Mais quel choix avais-je ? Je me noyais dans le chagrin, et tous nos amis proches \u00e9taient li\u00e9s \u00e0 leur propre vie. Je me sentais si seule, si impuissante. Il fallait soit laisser les filles avec Linda, soit trouver une autre option, ce qui semblait impossible \u00e0 ce moment-l\u00e0. Contre tout instinct, j\u2019ai accept\u00e9. Trois jours \u00e9puisants plus tard, nous nous sommes gar\u00e9s dans l\u2019all\u00e9e. La maison \u00e9tait \u00e9trangement silencieuse, presque trop silencieuse. Je sentis un poids \u00e9trange<\/p>\n<p>s\u2019installer dans ma poitrine en sortant de la voiture. Linda avait laiss\u00e9 un mot sur le comptoir : \u00ab J\u2019ai emmen\u00e9 Sadie au parc. Je reviens plus tard. \u00bb Un n\u0153ud se forma dans mon estomac. Quelque chose n\u2019allait pas. \u00ab O\u00f9 est Tessa ? \u00bb marmonnai-je en scrutant la maison. Je l\u2019appelai par son nom, mais aucune r\u00e9ponse. Mon pouls s\u2019acc\u00e9l\u00e9ra et un frisson me parcourut le dos. C\u2019est \u00e0 ce moment-l\u00e0 que je le remarquai. Une faible lumi\u00e8re vacillait \u00e0 la fen\u00eatre du sous-sol. Je m\u2019arr\u00eatai net, confus. Personne ne descend l\u00e0-bas. Le sous-sol \u00e9tait vieux, poussi\u00e9reux, plein de bazar, et nous l\u2019avions \u00e0 peine touch\u00e9. Pendant une seconde, la panique s\u2019installa. Quelqu\u2019un \u00e9tait-il entr\u00e9 par effraction ? Des cambrioleurs \u00e9taient-ils entr\u00e9s dans le sous-sol pendant notre absence ? Mon c\u0153ur battait fort dans mes oreilles alors que je tendais la main vers mon t\u00e9l\u00e9phone, allumant l\u2019appareil photo au cas o\u00f9 j\u2019aurais besoin de<\/p>\n<p>preuves. Si quelqu\u2019un \u00e9tait l\u00e0-bas, je voulais le documenter. Je sentais mon souffle se couper tandis que j\u2019ouvrais lentement la porte du sous-sol, l\u2019odeur de moisi me rencontrant. Mes mains tremblaient tandis que j\u2019appuyais sur le bouton d\u2019enregistrement et commen\u00e7ais \u00e0 descendre les escaliers, essayant de calmer mes nerfs. Les marches en bois craquaient sous mes pieds, chaque son s\u2019amplifiait dans le silence inqui\u00e9tant. Alors que la lumi\u00e8re devenait plus vive, je l\u2019ai enfin vue \u2013 Tessa. Ma douce fille,<\/p>\n<p>recroquevill\u00e9e sur le sol froid et dur, envelopp\u00e9e dans une vieille couverture, profond\u00e9ment endormie comme si elle avait \u00e9t\u00e9 oubli\u00e9e. Son petit corps \u00e9tait si immobile, son visage p\u00e2le, ses joues stri\u00e9es de larmes s\u00e9ch\u00e9es. \u00ab Tessa ?<\/p>\n<p>\u00bb murmurai-je en me pr\u00e9cipitant \u00e0 ses c\u00f4t\u00e9s. Je la secouai doucement, mon c\u0153ur se brisant en mille morceaux. \u00ab Ch\u00e9rie, que fais-tu ici ? \u00bb Ses yeux s\u2019ouvrirent en papillonnant et elle s\u2019assit, l\u2019air si petite et si vaincue. \u00ab Grand-m\u00e8re Linda m\u2019a dit de dormir ici \u00bb, murmura-t-elle, sa voix \u00e0 peine audible. \u00ab Elle a dit que Sadie \u00e9tait sa vraie petite-fille et que je ne devais pas la g\u00eaner. \u00bb Je me figeai. La pi\u00e8ce tournait autour de moi. \u00ab Elle a fait quoi ? \u00bb demandai-je, la voix tremblante d\u2019incr\u00e9dulit\u00e9 et de rage. \u00ab Elle ne<\/p>\n<p><span itemprop=\"image\" itemscope itemtype=\"https:\/\/schema.org\/ImageObject\"><img itemprop=\"url image\" loading=\"lazy\" decoding=\"async\" class=\"alignnone size-medium wp-image-2953\" src=\"https:\/\/mediapast.am\/wp-content\/uploads\/2025\/02\/FB_IMG_1738989706182-300x277.jpg\" alt=\"\" width=\"300\" height=\"277\" srcset=\"https:\/\/mediapast.am\/wp-content\/uploads\/2025\/02\/FB_IMG_1738989706182-300x277.jpg 300w, https:\/\/mediapast.am\/wp-content\/uploads\/2025\/02\/FB_IMG_1738989706182.jpg 682w\" sizes=\"(max-width: 300px) 100vw, 300px\" \/><meta itemprop=\"width\" content=\"300\"><meta itemprop=\"height\" content=\"277\"><\/span><\/p>\n<p>voulait pas de moi dans les parages \u00bb, murmura Tessa, la l\u00e8vre inf\u00e9rieure tremblante. \u00ab Elle a dit que je pouvais dormir ici et elle ne m\u2019a pas laiss\u00e9e d\u00eener avec Sadie. Elle a dit qu\u2019elles avaient besoin de \u00ab moments sp\u00e9ciaux \u00bb. \u00bb Je<\/p>\n<p>pouvais sentir mon sang bouillir, la col\u00e8re d\u00e9ferler dans mes veines. Mes mains se serr\u00e8rent en poings tandis que je luttais pour garder une voix calme. Comment a-t-elle pu ? Comment Linda a-t-elle pu faire \u00e7a \u00e0 mon enfant ? Mais je n\u2019ai pas explos\u00e9. J\u2019ai raval\u00e9 ma rage, sachant que me pr\u00e9cipiter vers Linda ne r\u00e9glerait pas ce probl\u00e8me.<\/p>\n","protected":false},"excerpt":{"rendered":"<p>Les beaux-parents sont cens\u00e9s rendre la vie plus facile, n\u2019est-ce pas ? Eh bien, pas dans mon cas. Voici l\u2019histoire de la fa\u00e7on dont je me suis veng\u00e9e de Linda, qui pensait pouvoir s\u2019en tirer en traitant ma fille a\u00een\u00e9e, Tessa, comme de la merde. J\u2019ai deux filles. Tessa a 10 ans, issue de mon [&hellip;]<\/p>\n","protected":false},"author":1,"featured_media":2954,"comment_status":"open","ping_status":"open","sticky":false,"template":"","format":"standard","meta":{"inline_featured_image":false,"footnotes":""},"categories":[1],"tags":[],"class_list":["post-2952","post","type-post","status-publish","format-standard","has-post-thumbnail","","category-1"],"yoast_head":"<!-- This site is optimized with the Yoast SEO plugin v23.7 - https:\/\/yoast.com\/wordpress\/plugins\/seo\/ -->\n<title>Je suis rentr\u00e9e chez moi et j\u2019ai trouv\u00e9 ma fille endormie dans le sous-sol sous l\u2019escalier \u2013 Ce qu\u2019elle m\u2019a dit m\u2019a glac\u00e9 le sang - MediaPast.am<\/title>\n<meta name=\"robots\" content=\"index, follow, max-snippet:-1, max-image-preview:large, max-video-preview:-1\" \/>\n<link rel=\"canonical\" href=\"https:\/\/mediapast.am\/?p=2952\" \/>\n<meta property=\"og:locale\" content=\"ru_RU\" \/>\n<meta property=\"og:type\" content=\"article\" \/>\n<meta property=\"og:title\" content=\"Je suis rentr\u00e9e chez moi et j\u2019ai trouv\u00e9 ma fille endormie dans le sous-sol sous l\u2019escalier \u2013 Ce qu\u2019elle m\u2019a dit m\u2019a glac\u00e9 le sang - MediaPast.am\" \/>\n<meta property=\"og:description\" content=\"Les beaux-parents sont cens\u00e9s rendre la vie plus facile, n\u2019est-ce pas ? Eh bien, pas dans mon cas. Voici l\u2019histoire de la fa\u00e7on dont je me suis veng\u00e9e de Linda, qui pensait pouvoir s\u2019en tirer en traitant ma fille a\u00een\u00e9e, Tessa, comme de la merde. J\u2019ai deux filles. Tessa a 10 ans, issue de mon [&hellip;]\" \/>\n<meta property=\"og:url\" content=\"https:\/\/mediapast.am\/?p=2952\" \/>\n<meta property=\"og:site_name\" content=\"MediaPast.am\" \/>\n<meta property=\"article:published_time\" content=\"2025-02-08T04:42:59+00:00\" \/>\n<meta property=\"og:image\" content=\"https:\/\/mediapast.am\/wp-content\/uploads\/2025\/02\/FB_IMG_1738989706182-1.jpg\" \/>\n\t<meta property=\"og:image:width\" content=\"682\" \/>\n\t<meta property=\"og:image:height\" content=\"630\" \/>\n\t<meta property=\"og:image:type\" content=\"image\/jpeg\" \/>\n<meta name=\"author\" content=\"admin\" \/>\n<meta name=\"twitter:card\" content=\"summary_large_image\" \/>\n<meta name=\"twitter:label1\" content=\"\u041d\u0430\u043f\u0438\u0441\u0430\u043d\u043e \u0430\u0432\u0442\u043e\u0440\u043e\u043c\" \/>\n\t<meta name=\"twitter:data1\" content=\"admin\" \/>\n\t<meta name=\"twitter:label2\" content=\"\u041f\u0440\u0438\u043c\u0435\u0440\u043d\u043e\u0435 \u0432\u0440\u0435\u043c\u044f \u0434\u043b\u044f \u0447\u0442\u0435\u043d\u0438\u044f\" \/>\n\t<meta name=\"twitter:data2\" content=\"6 \u043c\u0438\u043d\u0443\u0442\" \/>\n<script type=\"application\/ld+json\" class=\"yoast-schema-graph\">{\"@context\":\"https:\/\/schema.org\",\"@graph\":[{\"@type\":\"WebPage\",\"@id\":\"https:\/\/mediapast.am\/?p=2952\",\"url\":\"https:\/\/mediapast.am\/?p=2952\",\"name\":\"Je suis rentr\u00e9e chez moi et j\u2019ai trouv\u00e9 ma fille endormie dans le sous-sol sous l\u2019escalier \u2013 Ce qu\u2019elle m\u2019a dit m\u2019a glac\u00e9 le sang - MediaPast.am\",\"isPartOf\":{\"@id\":\"https:\/\/mediapast.am\/#website\"},\"primaryImageOfPage\":{\"@id\":\"https:\/\/mediapast.am\/?p=2952#primaryimage\"},\"image\":{\"@id\":\"https:\/\/mediapast.am\/?p=2952#primaryimage\"},\"thumbnailUrl\":\"https:\/\/mediapast.am\/wp-content\/uploads\/2025\/02\/FB_IMG_1738989706182-1.jpg\",\"datePublished\":\"2025-02-08T04:42:59+00:00\",\"dateModified\":\"2025-02-08T04:42:59+00:00\",\"author\":{\"@id\":\"https:\/\/mediapast.am\/#\/schema\/person\/21d1d2ab6ead53843e98dac9c026ce3b\"},\"breadcrumb\":{\"@id\":\"https:\/\/mediapast.am\/?p=2952#breadcrumb\"},\"inLanguage\":\"ru-RU\",\"potentialAction\":[{\"@type\":\"ReadAction\",\"target\":[\"https:\/\/mediapast.am\/?p=2952\"]}]},{\"@type\":\"ImageObject\",\"inLanguage\":\"ru-RU\",\"@id\":\"https:\/\/mediapast.am\/?p=2952#primaryimage\",\"url\":\"https:\/\/mediapast.am\/wp-content\/uploads\/2025\/02\/FB_IMG_1738989706182-1.jpg\",\"contentUrl\":\"https:\/\/mediapast.am\/wp-content\/uploads\/2025\/02\/FB_IMG_1738989706182-1.jpg\",\"width\":682,\"height\":630},{\"@type\":\"BreadcrumbList\",\"@id\":\"https:\/\/mediapast.am\/?p=2952#breadcrumb\",\"itemListElement\":[{\"@type\":\"ListItem\",\"position\":1,\"name\":\"\u0413\u043b\u0430\u0432\u043d\u0430\u044f \u0441\u0442\u0440\u0430\u043d\u0438\u0446\u0430\",\"item\":\"https:\/\/mediapast.am\/\"},{\"@type\":\"ListItem\",\"position\":2,\"name\":\"Je suis rentr\u00e9e chez moi et j\u2019ai trouv\u00e9 ma fille endormie dans le sous-sol sous l\u2019escalier \u2013 Ce qu\u2019elle m\u2019a dit m\u2019a glac\u00e9 le sang\"}]},{\"@type\":\"WebSite\",\"@id\":\"https:\/\/mediapast.am\/#website\",\"url\":\"https:\/\/mediapast.am\/\",\"name\":\"MediaPast.am\",\"description\":\"\",\"potentialAction\":[{\"@type\":\"SearchAction\",\"target\":{\"@type\":\"EntryPoint\",\"urlTemplate\":\"https:\/\/mediapast.am\/?s={search_term_string}\"},\"query-input\":{\"@type\":\"PropertyValueSpecification\",\"valueRequired\":true,\"valueName\":\"search_term_string\"}}],\"inLanguage\":\"ru-RU\"},{\"@type\":\"Person\",\"@id\":\"https:\/\/mediapast.am\/#\/schema\/person\/21d1d2ab6ead53843e98dac9c026ce3b\",\"name\":\"admin\",\"image\":{\"@type\":\"ImageObject\",\"inLanguage\":\"ru-RU\",\"@id\":\"https:\/\/mediapast.am\/#\/schema\/person\/image\/\",\"url\":\"https:\/\/secure.gravatar.com\/avatar\/33bf6e6e13725f8b5d5c45e3d055fa53?s=96&d=mm&r=g\",\"contentUrl\":\"https:\/\/secure.gravatar.com\/avatar\/33bf6e6e13725f8b5d5c45e3d055fa53?s=96&d=mm&r=g\",\"caption\":\"admin\"},\"sameAs\":[\"http:\/\/mediapast.am\"],\"url\":\"https:\/\/mediapast.am\/?author=1\"}]}<\/script>\n<!-- \/ Yoast SEO plugin. -->","yoast_head_json":{"title":"Je suis rentr\u00e9e chez moi et j\u2019ai trouv\u00e9 ma fille endormie dans le sous-sol sous l\u2019escalier \u2013 Ce qu\u2019elle m\u2019a dit m\u2019a glac\u00e9 le sang - MediaPast.am","robots":{"index":"index","follow":"follow","max-snippet":"max-snippet:-1","max-image-preview":"max-image-preview:large","max-video-preview":"max-video-preview:-1"},"canonical":"https:\/\/mediapast.am\/?p=2952","og_locale":"ru_RU","og_type":"article","og_title":"Je suis rentr\u00e9e chez moi et j\u2019ai trouv\u00e9 ma fille endormie dans le sous-sol sous l\u2019escalier \u2013 Ce qu\u2019elle m\u2019a dit m\u2019a glac\u00e9 le sang - MediaPast.am","og_description":"Les beaux-parents sont cens\u00e9s rendre la vie plus facile, n\u2019est-ce pas ? Eh bien, pas dans mon cas. Voici l\u2019histoire de la fa\u00e7on dont je me suis veng\u00e9e de Linda, qui pensait pouvoir s\u2019en tirer en traitant ma fille a\u00een\u00e9e, Tessa, comme de la merde. J\u2019ai deux filles. Tessa a 10 ans, issue de mon [&hellip;]","og_url":"https:\/\/mediapast.am\/?p=2952","og_site_name":"MediaPast.am","article_published_time":"2025-02-08T04:42:59+00:00","og_image":[{"width":682,"height":630,"url":"https:\/\/mediapast.am\/wp-content\/uploads\/2025\/02\/FB_IMG_1738989706182-1.jpg","type":"image\/jpeg"}],"author":"admin","twitter_card":"summary_large_image","twitter_misc":{"\u041d\u0430\u043f\u0438\u0441\u0430\u043d\u043e \u0430\u0432\u0442\u043e\u0440\u043e\u043c":"admin","\u041f\u0440\u0438\u043c\u0435\u0440\u043d\u043e\u0435 \u0432\u0440\u0435\u043c\u044f \u0434\u043b\u044f \u0447\u0442\u0435\u043d\u0438\u044f":"6 \u043c\u0438\u043d\u0443\u0442"},"schema":{"@context":"https:\/\/schema.org","@graph":[{"@type":"WebPage","@id":"https:\/\/mediapast.am\/?p=2952","url":"https:\/\/mediapast.am\/?p=2952","name":"Je suis rentr\u00e9e chez moi et j\u2019ai trouv\u00e9 ma fille endormie dans le sous-sol sous l\u2019escalier \u2013 Ce qu\u2019elle m\u2019a dit m\u2019a glac\u00e9 le sang - MediaPast.am","isPartOf":{"@id":"https:\/\/mediapast.am\/#website"},"primaryImageOfPage":{"@id":"https:\/\/mediapast.am\/?p=2952#primaryimage"},"image":{"@id":"https:\/\/mediapast.am\/?p=2952#primaryimage"},"thumbnailUrl":"https:\/\/mediapast.am\/wp-content\/uploads\/2025\/02\/FB_IMG_1738989706182-1.jpg","datePublished":"2025-02-08T04:42:59+00:00","dateModified":"2025-02-08T04:42:59+00:00","author":{"@id":"https:\/\/mediapast.am\/#\/schema\/person\/21d1d2ab6ead53843e98dac9c026ce3b"},"breadcrumb":{"@id":"https:\/\/mediapast.am\/?p=2952#breadcrumb"},"inLanguage":"ru-RU","potentialAction":[{"@type":"ReadAction","target":["https:\/\/mediapast.am\/?p=2952"]}]},{"@type":"ImageObject","inLanguage":"ru-RU","@id":"https:\/\/mediapast.am\/?p=2952#primaryimage","url":"https:\/\/mediapast.am\/wp-content\/uploads\/2025\/02\/FB_IMG_1738989706182-1.jpg","contentUrl":"https:\/\/mediapast.am\/wp-content\/uploads\/2025\/02\/FB_IMG_1738989706182-1.jpg","width":682,"height":630},{"@type":"BreadcrumbList","@id":"https:\/\/mediapast.am\/?p=2952#breadcrumb","itemListElement":[{"@type":"ListItem","position":1,"name":"\u0413\u043b\u0430\u0432\u043d\u0430\u044f \u0441\u0442\u0440\u0430\u043d\u0438\u0446\u0430","item":"https:\/\/mediapast.am\/"},{"@type":"ListItem","position":2,"name":"Je suis rentr\u00e9e chez moi et j\u2019ai trouv\u00e9 ma fille endormie dans le sous-sol sous l\u2019escalier \u2013 Ce qu\u2019elle m\u2019a dit m\u2019a glac\u00e9 le sang"}]},{"@type":"WebSite","@id":"https:\/\/mediapast.am\/#website","url":"https:\/\/mediapast.am\/","name":"MediaPast.am","description":"","potentialAction":[{"@type":"SearchAction","target":{"@type":"EntryPoint","urlTemplate":"https:\/\/mediapast.am\/?s={search_term_string}"},"query-input":{"@type":"PropertyValueSpecification","valueRequired":true,"valueName":"search_term_string"}}],"inLanguage":"ru-RU"},{"@type":"Person","@id":"https:\/\/mediapast.am\/#\/schema\/person\/21d1d2ab6ead53843e98dac9c026ce3b","name":"admin","image":{"@type":"ImageObject","inLanguage":"ru-RU","@id":"https:\/\/mediapast.am\/#\/schema\/person\/image\/","url":"https:\/\/secure.gravatar.com\/avatar\/33bf6e6e13725f8b5d5c45e3d055fa53?s=96&d=mm&r=g","contentUrl":"https:\/\/secure.gravatar.com\/avatar\/33bf6e6e13725f8b5d5c45e3d055fa53?s=96&d=mm&r=g","caption":"admin"},"sameAs":["http:\/\/mediapast.am"],"url":"https:\/\/mediapast.am\/?author=1"}]}},"_links":{"self":[{"href":"https:\/\/mediapast.am\/index.php?rest_route=\/wp\/v2\/posts\/2952"}],"collection":[{"href":"https:\/\/mediapast.am\/index.php?rest_route=\/wp\/v2\/posts"}],"about":[{"href":"https:\/\/mediapast.am\/index.php?rest_route=\/wp\/v2\/types\/post"}],"author":[{"embeddable":true,"href":"https:\/\/mediapast.am\/index.php?rest_route=\/wp\/v2\/users\/1"}],"replies":[{"embeddable":true,"href":"https:\/\/mediapast.am\/index.php?rest_route=%2Fwp%2Fv2%2Fcomments&post=2952"}],"version-history":[{"count":1,"href":"https:\/\/mediapast.am\/index.php?rest_route=\/wp\/v2\/posts\/2952\/revisions"}],"predecessor-version":[{"id":2955,"href":"https:\/\/mediapast.am\/index.php?rest_route=\/wp\/v2\/posts\/2952\/revisions\/2955"}],"wp:featuredmedia":[{"embeddable":true,"href":"https:\/\/mediapast.am\/index.php?rest_route=\/wp\/v2\/media\/2954"}],"wp:attachment":[{"href":"https:\/\/mediapast.am\/index.php?rest_route=%2Fwp%2Fv2%2Fmedia&parent=2952"}],"wp:term":[{"taxonomy":"category","embeddable":true,"href":"https:\/\/mediapast.am\/index.php?rest_route=%2Fwp%2Fv2%2Fcategories&post=2952"},{"taxonomy":"post_tag","embeddable":true,"href":"https:\/\/mediapast.am\/index.php?rest_route=%2Fwp%2Fv2%2Ftags&post=2952"}],"curies":[{"name":"wp","href":"https:\/\/api.w.org\/{rel}","templated":true}]}}